{"id":96,"date":"2023-12-20T10:06:28","date_gmt":"2023-12-20T13:06:28","guid":{"rendered":"https:\/\/site.cacoal.ro.gov.br\/?p=96"},"modified":"2024-02-05T13:42:53","modified_gmt":"2024-02-05T17:42:53","slug":"prefeitura-lanca-chamamento-publico-em-busca-de-projetos-que-visam-o-amparo-de-criancas-e-adolescente-em-cacoal","status":"publish","type":"post","link":"https:\/\/pagina.cacoal.ro.gov.br\/?p=96","title":{"rendered":"Prefeitura lan\u00e7a Chamamento P\u00fablico em busca de projetos que visam o amparo de crian\u00e7as e adolescente em Cacoal"},"content":{"rendered":"\n<p class=\"has-x-large-font-size\"><strong><a href=\"https:\/\/site.cacoal.ro.gov.br\/wp-content\/uploads\/2024\/02\/EDITAL-N.-10-CMDCA-2023-chamamento-publico-CMDCA-FIA-1.pdf\" target=\"_blank\" rel=\"noreferrer noopener\">Baixar Edital<\/a><\/strong><\/p>\n\n\n\n<figure class=\"wp-block-image\"><img decoding=\"async\" src=\"https:\/\/www.cacoal.ro.gov.br\/wp-content\/uploads\/2023\/07\/cmdca-1024x576.jpg\" alt=\"\"\/><\/figure>\n\n\n\n<p><strong>Cacoal, RO<\/strong>&nbsp;\u2013 A Prefeitura Municipal de Cacoal, atrav\u00e9s do Conselho Municipal dos Direitos da Crian\u00e7a e do Adolescente (CMDCA), anuncia um chamamento p\u00fablico visando selecionar e financiar projetos dedicados ao bem-estar e desenvolvimento de crian\u00e7as e adolescentes na cidade.<\/p>\n\n\n\n<p><strong>Objetivo Principal:&nbsp;<\/strong>O chamamento tem como meta principal a capta\u00e7\u00e3o de projetos inovadores e complementares que focam na promo\u00e7\u00e3o, prote\u00e7\u00e3o e defesa dos direitos das crian\u00e7as e adolescentes. \u00c9 uma oportunidade para organiza\u00e7\u00f5es da sociedade civil e funda\u00e7\u00f5es p\u00fablicas apresentarem iniciativas que possam fazer uma diferen\u00e7a significativa na vida dos jovens de Cacoal.<\/p>\n\n\n\n<p><strong>Recursos Dispon\u00edveis:<\/strong>&nbsp;Com um or\u00e7amento total de R$ 800.000,00 para o ano de 2024, o edital oferece financiamento de at\u00e9 R$ 100.000,00 por projeto selecionado, provenientes do Fundo Municipal da Inf\u00e2ncia e Adolesc\u00eancia (FIA).<\/p>\n\n\n\n<p><strong>Prazo para Inscri\u00e7\u00e3o:&nbsp;<\/strong>As entidades interessadas podem inscrever seus projetos at\u00e9 o dia 16 de fevereiro de 2024, iniciando a partir de 18 de dezembro de 2023. Este prazo permite que as organiza\u00e7\u00f5es preparem e submetam propostas que estejam alinhadas com as diretrizes e objetivos estabelecidos pelo edital.<\/p>\n\n\n\n<p><strong>\u00c1reas de Atua\u00e7\u00e3o:<\/strong>&nbsp;Os projetos podem abranger uma variedade de \u00e1reas, como apoio a crian\u00e7as e adolescentes com defici\u00eancia, fortalecimento de v\u00ednculos familiares, capacita\u00e7\u00e3o profissional, apoio pedag\u00f3gico, psicol\u00f3gico, entre outras iniciativas que contribuam para o desenvolvimento integral dos jovens.<\/p>\n\n\n\n<p><em>Para mais informa\u00e7\u00f5es, o edital completo est\u00e1 dispon\u00edvel ao final dessa reportagem, contendo todos os detalhes necess\u00e1rios para a inscri\u00e7\u00e3o e participa\u00e7\u00e3o no processo de sele\u00e7\u00e3o.<\/em><\/p>\n\n\n\n<figure class=\"wp-block-image size-full\"><img loading=\"lazy\" decoding=\"async\" width=\"595\" height=\"841\" src=\"https:\/\/site.cacoal.ro.gov.br\/wp-content\/uploads\/2023\/12\/image-1.png\" alt=\"\" class=\"wp-image-97\" srcset=\"https:\/\/pagina.cacoal.ro.gov.br\/wp-content\/uploads\/2023\/12\/image-1.png 595w, https:\/\/pagina.cacoal.ro.gov.br\/wp-content\/uploads\/2023\/12\/image-1-212x300.png 212w\" sizes=\"(max-width: 595px) 100vw, 595px\" \/><\/figure>\n","protected":false},"excerpt":{"rendered":"<p>Baixar Edital Cacoal, RO&nbsp;\u2013 A Prefeitura Municipal de Cacoal, atrav\u00e9s do Conselho Municipal dos Direitos da Crian\u00e7a e do Adolescente (CMDCA), anuncia um chamamento p\u00fablico visando selecionar e financiar projetos &#8230;<\/p>\n","protected":false},"author":1,"featured_media":101,"comment_status":"closed","ping_status":"closed","sticky":false,"template":"","format":"standard","meta":{"footnotes":""},"categories":[7],"tags":[],"_links":{"self":[{"href":"https:\/\/pagina.cacoal.ro.gov.br\/index.php?rest_route=\/wp\/v2\/posts\/96"}],"collection":[{"href":"https:\/\/pagina.cacoal.ro.gov.br\/index.php?rest_route=\/wp\/v2\/posts"}],"about":[{"href":"https:\/\/pagina.cacoal.ro.gov.br\/index.php?rest_route=\/wp\/v2\/types\/post"}],"author":[{"embeddable":true,"href":"https:\/\/pagina.cacoal.ro.gov.br\/index.php?rest_route=\/wp\/v2\/users\/1"}],"replies":[{"embeddable":true,"href":"https:\/\/pagina.cacoal.ro.gov.br\/index.php?rest_route=%2Fwp%2Fv2%2Fcomments&post=96"}],"version-history":[{"count":4,"href":"https:\/\/pagina.cacoal.ro.gov.br\/index.php?rest_route=\/wp\/v2\/posts\/96\/revisions"}],"predecessor-version":[{"id":1261,"href":"https:\/\/pagina.cacoal.ro.gov.br\/index.php?rest_route=\/wp\/v2\/posts\/96\/revisions\/1261"}],"wp:featuredmedia":[{"embeddable":true,"href":"https:\/\/pagina.cacoal.ro.gov.br\/index.php?rest_route=\/wp\/v2\/media\/101"}],"wp:attachment":[{"href":"https:\/\/pagina.cacoal.ro.gov.br\/index.php?rest_route=%2Fwp%2Fv2%2Fmedia&parent=96"}],"wp:term":[{"taxonomy":"category","embeddable":true,"href":"https:\/\/pagina.cacoal.ro.gov.br\/index.php?rest_route=%2Fwp%2Fv2%2Fcategories&post=96"},{"taxonomy":"post_tag","embeddable":true,"href":"https:\/\/pagina.cacoal.ro.gov.br\/index.php?rest_route=%2Fwp%2Fv2%2Ftags&post=96"}],"curies":[{"name":"wp","href":"https:\/\/api.w.org\/{rel}","templated":true}]}}