{"id":93,"date":"2023-12-20T10:04:39","date_gmt":"2023-12-20T13:04:39","guid":{"rendered":"https:\/\/site.cacoal.ro.gov.br\/?p=93"},"modified":"2024-02-02T09:09:34","modified_gmt":"2024-02-02T13:09:34","slug":"prefeitura-convida-populacao-para-audiencia-publica-sobre-a-lei-orcamentaria-anual-2024","status":"publish","type":"post","link":"https:\/\/pagina.cacoal.ro.gov.br\/?p=93","title":{"rendered":"Prefeitura convida popula\u00e7\u00e3o para Audi\u00eancia P\u00fablica sobre a Lei Or\u00e7ament\u00e1ria Anual 2024"},"content":{"rendered":"\n<figure class=\"wp-block-image size-full\"><img loading=\"lazy\" decoding=\"async\" width=\"750\" height=\"750\" src=\"https:\/\/site.cacoal.ro.gov.br\/wp-content\/uploads\/2023\/12\/image.png\" alt=\"\" class=\"wp-image-94\" srcset=\"https:\/\/pagina.cacoal.ro.gov.br\/wp-content\/uploads\/2023\/12\/image.png 750w, https:\/\/pagina.cacoal.ro.gov.br\/wp-content\/uploads\/2023\/12\/image-300x300.png 300w, https:\/\/pagina.cacoal.ro.gov.br\/wp-content\/uploads\/2023\/12\/image-150x150.png 150w\" sizes=\"(max-width: 750px) 100vw, 750px\" \/><\/figure>\n\n\n\n<p>Em um ato de transpar\u00eancia e refor\u00e7ando os princ\u00edpios democr\u00e1ticos, a Prefeitura Municipal de Cacoal, sob a gest\u00e3o do Prefeito Adailton F\u00faria, convida a todos os cidad\u00e3os para a Audi\u00eancia P\u00fablica Municipal. A pauta do encontro ser\u00e1 a apresenta\u00e7\u00e3o do Projeto de Lei referente \u00e0 Lei Or\u00e7ament\u00e1ria Anual 2024 (LOA\/2024).<\/p>\n\n\n\n<p>Destacando a import\u00e2ncia da participa\u00e7\u00e3o cidad\u00e3 nas decis\u00f5es municipais, a prefeitura enfatiza que a \u201cAudi\u00eancia P\u00fablica \u00e9 um instrumento da democracia\u201d<\/p>\n\n\n\n<p><strong>Os detalhes do evento s\u00e3o:<\/strong><\/p>\n\n\n\n<p><strong>Data: 20\/10\/2023 \u2013 Sexta-feira<\/strong><br><strong>Hor\u00e1rio: 09h00min<\/strong><\/p>\n\n\n\n<p><strong>Local<\/strong>: C\u00e2mara Municipal, situada na Rua Presidente M\u00e9dici, 1849, Jardim Clodoaldo.<br>Para aqueles que n\u00e3o puderem comparecer presencialmente, a prefeitura garante que todos possam acompanhar de casa. A transmiss\u00e3o ao vivo do evento ser\u00e1 realizada atrav\u00e9s do canal oficial da C\u00e2mara Municipal de Cacoal no Youtube.<\/p>\n\n\n\n<p>A atual gest\u00e3o, sob o lema \u201cAQUI TEM TRABALHO, AQUI TEM PROGRESSO!\u201d, reitera o convite para que a popula\u00e7\u00e3o se fa\u00e7a presente, se informe e participe ativamente das decis\u00f5es que moldar\u00e3o o futuro da cidade.<\/p>\n","protected":false},"excerpt":{"rendered":"<p>Em um ato de transpar\u00eancia e refor\u00e7ando os princ\u00edpios democr\u00e1ticos, a Prefeitura Municipal de Cacoal, sob a gest\u00e3o do Prefeito Adailton F\u00faria, convida a todos os cidad\u00e3os para a Audi\u00eancia &#8230;<\/p>\n","protected":false},"author":1,"featured_media":94,"comment_status":"closed","ping_status":"closed","sticky":false,"template":"","format":"standard","meta":{"footnotes":""},"categories":[7],"tags":[],"_links":{"self":[{"href":"https:\/\/pagina.cacoal.ro.gov.br\/index.php?rest_route=\/wp\/v2\/posts\/93"}],"collection":[{"href":"https:\/\/pagina.cacoal.ro.gov.br\/index.php?rest_route=\/wp\/v2\/posts"}],"about":[{"href":"https:\/\/pagina.cacoal.ro.gov.br\/index.php?rest_route=\/wp\/v2\/types\/post"}],"author":[{"embeddable":true,"href":"https:\/\/pagina.cacoal.ro.gov.br\/index.php?rest_route=\/wp\/v2\/users\/1"}],"replies":[{"embeddable":true,"href":"https:\/\/pagina.cacoal.ro.gov.br\/index.php?rest_route=%2Fwp%2Fv2%2Fcomments&post=93"}],"version-history":[{"count":1,"href":"https:\/\/pagina.cacoal.ro.gov.br\/index.php?rest_route=\/wp\/v2\/posts\/93\/revisions"}],"predecessor-version":[{"id":95,"href":"https:\/\/pagina.cacoal.ro.gov.br\/index.php?rest_route=\/wp\/v2\/posts\/93\/revisions\/95"}],"wp:featuredmedia":[{"embeddable":true,"href":"https:\/\/pagina.cacoal.ro.gov.br\/index.php?rest_route=\/wp\/v2\/media\/94"}],"wp:attachment":[{"href":"https:\/\/pagina.cacoal.ro.gov.br\/index.php?rest_route=%2Fwp%2Fv2%2Fmedia&parent=93"}],"wp:term":[{"taxonomy":"category","embeddable":true,"href":"https:\/\/pagina.cacoal.ro.gov.br\/index.php?rest_route=%2Fwp%2Fv2%2Fcategories&post=93"},{"taxonomy":"post_tag","embeddable":true,"href":"https:\/\/pagina.cacoal.ro.gov.br\/index.php?rest_route=%2Fwp%2Fv2%2Ftags&post=93"}],"curies":[{"name":"wp","href":"https:\/\/api.w.org\/{rel}","templated":true}]}}