{"id":91,"date":"2023-12-20T10:03:27","date_gmt":"2023-12-20T13:03:27","guid":{"rendered":"https:\/\/site.cacoal.ro.gov.br\/?p=91"},"modified":"2024-02-02T09:09:43","modified_gmt":"2024-02-02T13:09:43","slug":"prefeitura-de-cacoal-anuncia-medidas-de-recuperacao-de-areas-afetadas-por-chuvas-e-vendavais","status":"publish","type":"post","link":"https:\/\/pagina.cacoal.ro.gov.br\/?p=91","title":{"rendered":"Prefeitura de Cacoal anuncia medidas de recupera\u00e7\u00e3o de \u00e1reas afetadas por chuvas e vendavais"},"content":{"rendered":"\n<p><strong>Cacoal, RO<\/strong>&nbsp;\u2013 A Administra\u00e7\u00e3o Municipal de Cacoal, sob a lideran\u00e7a do prefeito Adailton F\u00faria, comunica \u00e0 comunidade que a regi\u00e3o enfrentou consequ\u00eancias severas das chuvas e vendavais ocorridos na segunda-feira, dia 16 de outubro.<\/p>\n\n\n\n<p>A Escola Pedro Kemper, um marco educacional em nossa comunidade, sofreu danos significativos, resultando na queda de sua quadra. Al\u00e9m disso, outras obras p\u00fablicas tamb\u00e9m foram afetadas, embora em menor grau. O Executivo reconhece que esses eventos meteorol\u00f3gicos adversos exigem uma resposta imediata para restaurar as estruturas danificadas. No entanto, \u00e9 importante destacar que a restaura\u00e7\u00e3o completa da quadra da Escola Pedro Kemper pode levar algum tempo, devido aos altos investimentos necess\u00e1rios para sua plena recupera\u00e7\u00e3o.<\/p>\n\n\n\n<p>O prefeito Adailton F\u00faria expressou sua gratid\u00e3o \u00e0 compreens\u00e3o da comunidade diante desta situa\u00e7\u00e3o e assegura que nenhum esfor\u00e7o ser\u00e1 poupado para restaurar a infraestrutura afetada e devolver a normalidade \u00e0s \u00e1reas atingidas o mais brevemente poss\u00edvel.<\/p>\n","protected":false},"excerpt":{"rendered":"<p>Cacoal, RO&nbsp;\u2013 A Administra\u00e7\u00e3o Municipal de Cacoal, sob a lideran\u00e7a do prefeito Adailton F\u00faria, comunica \u00e0 comunidade que a regi\u00e3o enfrentou consequ\u00eancias severas das chuvas e vendavais ocorridos na segunda-feira, &#8230;<\/p>\n","protected":false},"author":1,"featured_media":100,"comment_status":"closed","ping_status":"closed","sticky":false,"template":"","format":"standard","meta":{"footnotes":""},"categories":[7],"tags":[],"_links":{"self":[{"href":"https:\/\/pagina.cacoal.ro.gov.br\/index.php?rest_route=\/wp\/v2\/posts\/91"}],"collection":[{"href":"https:\/\/pagina.cacoal.ro.gov.br\/index.php?rest_route=\/wp\/v2\/posts"}],"about":[{"href":"https:\/\/pagina.cacoal.ro.gov.br\/index.php?rest_route=\/wp\/v2\/types\/post"}],"author":[{"embeddable":true,"href":"https:\/\/pagina.cacoal.ro.gov.br\/index.php?rest_route=\/wp\/v2\/users\/1"}],"replies":[{"embeddable":true,"href":"https:\/\/pagina.cacoal.ro.gov.br\/index.php?rest_route=%2Fwp%2Fv2%2Fcomments&post=91"}],"version-history":[{"count":1,"href":"https:\/\/pagina.cacoal.ro.gov.br\/index.php?rest_route=\/wp\/v2\/posts\/91\/revisions"}],"predecessor-version":[{"id":92,"href":"https:\/\/pagina.cacoal.ro.gov.br\/index.php?rest_route=\/wp\/v2\/posts\/91\/revisions\/92"}],"wp:featuredmedia":[{"embeddable":true,"href":"https:\/\/pagina.cacoal.ro.gov.br\/index.php?rest_route=\/wp\/v2\/media\/100"}],"wp:attachment":[{"href":"https:\/\/pagina.cacoal.ro.gov.br\/index.php?rest_route=%2Fwp%2Fv2%2Fmedia&parent=91"}],"wp:term":[{"taxonomy":"category","embeddable":true,"href":"https:\/\/pagina.cacoal.ro.gov.br\/index.php?rest_route=%2Fwp%2Fv2%2Fcategories&post=91"},{"taxonomy":"post_tag","embeddable":true,"href":"https:\/\/pagina.cacoal.ro.gov.br\/index.php?rest_route=%2Fwp%2Fv2%2Ftags&post=91"}],"curies":[{"name":"wp","href":"https:\/\/api.w.org\/{rel}","templated":true}]}}