{"id":344,"date":"2023-12-27T09:06:30","date_gmt":"2023-12-27T12:06:30","guid":{"rendered":"https:\/\/site.cacoal.ro.gov.br\/?p=344"},"modified":"2024-02-02T09:09:19","modified_gmt":"2024-02-02T13:09:19","slug":"cacoal-perde-um-de-seus-mais-ilustres-pioneiros-nesta-terca-feira","status":"publish","type":"post","link":"https:\/\/pagina.cacoal.ro.gov.br\/?p=344","title":{"rendered":"Cacoal perde um de seus mais ilustres pioneiros nesta ter\u00e7a-feira"},"content":{"rendered":"\n<p><strong>Cacoal, RO&nbsp;<\/strong>\u2013 A cidade de Cacoal vive um momento de luto e reflex\u00e3o ap\u00f3s o falecimento de um de seus mais estimados pioneiros, o Sr. Nelson Rangel Soares, aos 94 anos. Em um gesto de solidariedade e respeito, o Prefeito Adailton F\u00faria, junto com os servidores da Prefeitura e do Servi\u00e7o Aut\u00f4nomo de \u00c1gua e Esgoto (SAAE), emitiu uma nota de pesar prestando homenagens a este destacado pioneiro.<\/p>\n\n\n\n<p>Nascido em 23 de fevereiro de 1929, o Sr. Nelson Rangel Soares foi uma figura marcante na hist\u00f3ria de Cacoal. Como farmac\u00eautico, ele desempenhou um papel fundamental no desenvolvimento da \u00e1rea da sa\u00fade na cidade, em uma \u00e9poca em que o acesso a servi\u00e7os m\u00e9dicos era limitado. Sua dedica\u00e7\u00e3o \u00e0 comunidade, especialmente no fornecimento de medicamentos e cuidados de sa\u00fade, \u00e9 lembrada com grande apre\u00e7o por todos os cidad\u00e3os.<\/p>\n\n\n\n<p>Na nota de pesar, o Prefeito Adailton F\u00faria destaca a profunda tristeza pela perda do Sr. Nelson e expressa condol\u00eancias \u00e0 fam\u00edlia Rangel Soares. \u201cNeste momento de profunda dor, unimo-nos em solidariedade \u00e0 fam\u00edlia Rangel Soares. A partida do Sr. Nelson deixa uma lacuna irrepar\u00e1vel em nosso munic\u00edpio. Ele n\u00e3o apenas foi um pioneiro, mas tamb\u00e9m um exemplo de dedica\u00e7\u00e3o e servi\u00e7o \u00e0 nossa comunidade\u201d, afirmou o prefeito.<\/p>\n\n\n\n<p>A fam\u00edlia Rangel Soares \u00e9 conhecida por sua longa hist\u00f3ria de contribui\u00e7\u00f5es para o crescimento e desenvolvimento de Cacoal. Ney Rangel, um dos filhos de Sr. Nelson, \u00e9 um respeitado servidor de carreira no SAAE, refletindo o legado de servi\u00e7o comunit\u00e1rio deixado por seu pai. Outro de seus filhos, que leva o seu nome, tamb\u00e9m \u00e9 um destacado professor e deu sua contribui\u00e7\u00e3o ao munic\u00edpio como Secret\u00e1rio Municipal de Educa\u00e7\u00e3o, al\u00e9m de ser fundador da Guarda Mirim de Cacoal e membro ativo do Supremo Conclave do Brasil.<\/p>\n\n\n\n<p><strong>Vel\u00f3rio<\/strong><br>O vel\u00f3rio do pioneiro Nelson Rangel ser\u00e1 no MEMORIAL IN\u00c1CIO ROM\u00c3O, na Av. Juscimeira, 143, com in\u00edcio dia 27\/12, quarta-feira \u00e0s 07h.<\/p>\n\n\n\n<p><strong>NOTA DE PESAR PELO FALECIMENTO DO PIONEIRO NELSON RANGEL SOARES<\/strong><br>\u00c9 com profundo pesar que o Prefeito Adailton F\u00faria de Cacoal, juntamente com todos os servidores da prefeitura e do Servi\u00e7o Aut\u00f4nomo de \u00c1gua e Esgoto (SAAE), expressam os sentimentos de solidariedade \u00e0 fam\u00edlia Rangel Soares pelo falecimento do estimado pioneiro de Cacoal, Sr. Nelson Rangel Soares, aos 94 anos.<\/p>\n\n\n<div class=\"wp-block-image\">\n<figure class=\"alignright size-large is-resized\"><img decoding=\"async\" src=\"https:\/\/www.cacoal.ro.gov.br\/wp-content\/uploads\/2023\/12\/nelson-1024x1021.jpeg\" alt=\"\" class=\"wp-image-11806\" style=\"width:334px;height:auto\"\/><\/figure><\/div>\n\n\n<p>Nascido em 23 de fevereiro de 1929 e nos deixando nesta data de 26 de dezembro de 2023, o Sr. Nelson foi um pilar na hist\u00f3ria e no desenvolvimento de Cacoal. Como respeitado farmac\u00eautico, ele n\u00e3o apenas forneceu cuidados e rem\u00e9dios essenciais em tempos em que recursos m\u00e9dicos eram escassos, mas tamb\u00e9m teceu uma rede de compaix\u00e3o e apoio que beneficiou incont\u00e1veis vidas.<br>Neste momento de luto, o Prefeito Adailton F\u00faria, os colaboradores e gestores do SAAE, e toda a administra\u00e7\u00e3o municipal se unem em pesar, solidariedade e respeito \u00e0 fam\u00edlia Rangel Soares.<br>Compartilhamos a dor da perda do Sr. Nelson Rangel Soares, cuja vida foi um exemplo de dedica\u00e7\u00e3o incans\u00e1vel \u00e0 sa\u00fade e bem-estar da nossa comunidade. Que sua mem\u00f3ria seja honrada e seu legado continue a inspirar a todos n\u00f3s na busca de um Cacoal cada vez melhor.<br><strong><br>Cacoal, RO, 26 de dezembro de 2023<\/strong><\/p>\n\n\n\n<p><strong>Adailton F\u00faria, Prefeito&nbsp;<\/strong><\/p>\n","protected":false},"excerpt":{"rendered":"<p>Cacoal, RO&nbsp;\u2013 A cidade de Cacoal vive um momento de luto e reflex\u00e3o ap\u00f3s o falecimento de um de seus mais estimados pioneiros, o Sr. Nelson Rangel Soares, aos 94 &#8230;<\/p>\n","protected":false},"author":1,"featured_media":346,"comment_status":"closed","ping_status":"closed","sticky":false,"template":"","format":"standard","meta":{"footnotes":""},"categories":[5],"tags":[],"_links":{"self":[{"href":"https:\/\/pagina.cacoal.ro.gov.br\/index.php?rest_route=\/wp\/v2\/posts\/344"}],"collection":[{"href":"https:\/\/pagina.cacoal.ro.gov.br\/index.php?rest_route=\/wp\/v2\/posts"}],"about":[{"href":"https:\/\/pagina.cacoal.ro.gov.br\/index.php?rest_route=\/wp\/v2\/types\/post"}],"author":[{"embeddable":true,"href":"https:\/\/pagina.cacoal.ro.gov.br\/index.php?rest_route=\/wp\/v2\/users\/1"}],"replies":[{"embeddable":true,"href":"https:\/\/pagina.cacoal.ro.gov.br\/index.php?rest_route=%2Fwp%2Fv2%2Fcomments&post=344"}],"version-history":[{"count":1,"href":"https:\/\/pagina.cacoal.ro.gov.br\/index.php?rest_route=\/wp\/v2\/posts\/344\/revisions"}],"predecessor-version":[{"id":345,"href":"https:\/\/pagina.cacoal.ro.gov.br\/index.php?rest_route=\/wp\/v2\/posts\/344\/revisions\/345"}],"wp:featuredmedia":[{"embeddable":true,"href":"https:\/\/pagina.cacoal.ro.gov.br\/index.php?rest_route=\/wp\/v2\/media\/346"}],"wp:attachment":[{"href":"https:\/\/pagina.cacoal.ro.gov.br\/index.php?rest_route=%2Fwp%2Fv2%2Fmedia&parent=344"}],"wp:term":[{"taxonomy":"category","embeddable":true,"href":"https:\/\/pagina.cacoal.ro.gov.br\/index.php?rest_route=%2Fwp%2Fv2%2Fcategories&post=344"},{"taxonomy":"post_tag","embeddable":true,"href":"https:\/\/pagina.cacoal.ro.gov.br\/index.php?rest_route=%2Fwp%2Fv2%2Ftags&post=344"}],"curies":[{"name":"wp","href":"https:\/\/api.w.org\/{rel}","templated":true}]}}