{"id":1699,"date":"2024-03-14T09:03:28","date_gmt":"2024-03-14T13:03:28","guid":{"rendered":"https:\/\/site.cacoal.ro.gov.br\/?p=1699"},"modified":"2024-03-14T09:33:15","modified_gmt":"2024-03-14T13:33:15","slug":"prefeitura-de-cacoal-anuncia-chamada-publica-para-preenchimento-de-vaga-no-conselho-municipal-de-defesa-do-meio-ambiente","status":"publish","type":"post","link":"https:\/\/pagina.cacoal.ro.gov.br\/?p=1699","title":{"rendered":"COMDEMA anuncia Chamada P\u00fablica para preenchimento de  uma vaga de Conselheiro no segmento p\u00fablico na \u00e1rea de educa\u00e7\u00e3o"},"content":{"rendered":"<p style=\"text-align: justify;\"><a href=\"https:\/\/site.cacoal.ro.gov.br\/wp-content\/uploads\/2024\/03\/WhatsApp-Image-2024-03-14-at-08.17.35.jpeg\"><img loading=\"lazy\" decoding=\"async\" class=\"alignright size-medium wp-image-1700\" src=\"https:\/\/site.cacoal.ro.gov.br\/wp-content\/uploads\/2024\/03\/WhatsApp-Image-2024-03-14-at-08.17.35-300x300.jpeg\" alt=\"\" width=\"300\" height=\"300\" srcset=\"https:\/\/pagina.cacoal.ro.gov.br\/wp-content\/uploads\/2024\/03\/WhatsApp-Image-2024-03-14-at-08.17.35-300x300.jpeg 300w, https:\/\/pagina.cacoal.ro.gov.br\/wp-content\/uploads\/2024\/03\/WhatsApp-Image-2024-03-14-at-08.17.35-1024x1024.jpeg 1024w, https:\/\/pagina.cacoal.ro.gov.br\/wp-content\/uploads\/2024\/03\/WhatsApp-Image-2024-03-14-at-08.17.35-150x150.jpeg 150w, https:\/\/pagina.cacoal.ro.gov.br\/wp-content\/uploads\/2024\/03\/WhatsApp-Image-2024-03-14-at-08.17.35-768x768.jpeg 768w, https:\/\/pagina.cacoal.ro.gov.br\/wp-content\/uploads\/2024\/03\/WhatsApp-Image-2024-03-14-at-08.17.35.jpeg 1080w\" sizes=\"(max-width: 300px) 100vw, 300px\" \/><\/a><\/p>\n<p style=\"text-align: justify;\">O Conselho Municipal de Defesa do Meio Ambiente (COMDEMA) de Cacoal anunciou uma chamada p\u00fablica para o preenchimento de uma vaga no segmento de Institui\u00e7\u00e3o de Educa\u00e7\u00e3o P\u00fablica para o ano de 2024.<\/p>\n<p>Embora a vaga seja de natureza volunt\u00e1ria e n\u00e3o remunerada, a iniciativa busca mobilizar as institui\u00e7\u00f5es educacionais na ado\u00e7\u00e3o de pr\u00e1ticas sustent\u00e1veis e na conscientiza\u00e7\u00e3o ambiental em Cacoal. Representa uma oportunidade valiosa para as institui\u00e7\u00f5es de ensino engajarem-se ativamente na promo\u00e7\u00e3o do desenvolvimento sustent\u00e1vel da regi\u00e3o.<\/p>\n<p style=\"text-align: justify;\">As inscri\u00e7\u00f5es estar\u00e3o abertas do dia 25 ao dia 27 de mar\u00e7o de 2024. Os interessados podem acessar o edital completo e obter mais informa\u00e7\u00f5es nos sites oficiais Di\u00e1rio Municipal e Prefeitura de Cacoal, al\u00e9m do Instagram @comdemacacoal. As inscri\u00e7\u00f5es devem ser enviadas para o endere\u00e7o eletr\u00f4nico comdema1cacoal@gmail.com.<\/p>\n<p style=\"text-align: justify;\">A divulga\u00e7\u00e3o dos inscritos ser\u00e1 realizada no dia 29 de mar\u00e7o de 2024. A sele\u00e7\u00e3o busca atrair candidatos comprometidos com a educa\u00e7\u00e3o e a preserva\u00e7\u00e3o dos recursos naturais da regi\u00e3o.<\/p>\n<p style=\"text-align: justify;\">O COMDEMA de Cacoal convida as institui\u00e7\u00f5es de educa\u00e7\u00e3o p\u00fablica a participarem deste importante processo de engajamento comunit\u00e1rio, refor\u00e7ando seu compromisso com a sustentabilidade e o desenvolvimento educacional.<\/p>\n<p style=\"text-align: justify;\">\n","protected":false},"excerpt":{"rendered":"<p>O Conselho Municipal de Defesa do Meio Ambiente (COMDEMA) de Cacoal anunciou uma chamada p\u00fablica para o preenchimento de uma vaga no segmento de Institui\u00e7\u00e3o de Educa\u00e7\u00e3o P\u00fablica para o &#8230;<\/p>\n","protected":false},"author":2,"featured_media":1700,"comment_status":"closed","ping_status":"closed","sticky":false,"template":"","format":"standard","meta":{"footnotes":""},"categories":[7],"tags":[],"_links":{"self":[{"href":"https:\/\/pagina.cacoal.ro.gov.br\/index.php?rest_route=\/wp\/v2\/posts\/1699"}],"collection":[{"href":"https:\/\/pagina.cacoal.ro.gov.br\/index.php?rest_route=\/wp\/v2\/posts"}],"about":[{"href":"https:\/\/pagina.cacoal.ro.gov.br\/index.php?rest_route=\/wp\/v2\/types\/post"}],"author":[{"embeddable":true,"href":"https:\/\/pagina.cacoal.ro.gov.br\/index.php?rest_route=\/wp\/v2\/users\/2"}],"replies":[{"embeddable":true,"href":"https:\/\/pagina.cacoal.ro.gov.br\/index.php?rest_route=%2Fwp%2Fv2%2Fcomments&post=1699"}],"version-history":[{"count":5,"href":"https:\/\/pagina.cacoal.ro.gov.br\/index.php?rest_route=\/wp\/v2\/posts\/1699\/revisions"}],"predecessor-version":[{"id":1705,"href":"https:\/\/pagina.cacoal.ro.gov.br\/index.php?rest_route=\/wp\/v2\/posts\/1699\/revisions\/1705"}],"wp:featuredmedia":[{"embeddable":true,"href":"https:\/\/pagina.cacoal.ro.gov.br\/index.php?rest_route=\/wp\/v2\/media\/1700"}],"wp:attachment":[{"href":"https:\/\/pagina.cacoal.ro.gov.br\/index.php?rest_route=%2Fwp%2Fv2%2Fmedia&parent=1699"}],"wp:term":[{"taxonomy":"category","embeddable":true,"href":"https:\/\/pagina.cacoal.ro.gov.br\/index.php?rest_route=%2Fwp%2Fv2%2Fcategories&post=1699"},{"taxonomy":"post_tag","embeddable":true,"href":"https:\/\/pagina.cacoal.ro.gov.br\/index.php?rest_route=%2Fwp%2Fv2%2Ftags&post=1699"}],"curies":[{"name":"wp","href":"https:\/\/api.w.org\/{rel}","templated":true}]}}