{"id":1696,"date":"2024-03-13T21:32:33","date_gmt":"2024-03-14T01:32:33","guid":{"rendered":"https:\/\/site.cacoal.ro.gov.br\/?p=1696"},"modified":"2024-03-13T21:32:33","modified_gmt":"2024-03-14T01:32:33","slug":"nota-de-pesar-10","status":"publish","type":"post","link":"https:\/\/pagina.cacoal.ro.gov.br\/?p=1696","title":{"rendered":"NOTA DE PESAR <br> <br> <br>"},"content":{"rendered":"<p><a href=\"https:\/\/site.cacoal.ro.gov.br\/wp-content\/uploads\/2024\/03\/farmaceutica.jpeg\"><img loading=\"lazy\" decoding=\"async\" src=\"https:\/\/site.cacoal.ro.gov.br\/wp-content\/uploads\/2024\/03\/farmaceutica-300x300.jpeg\" alt=\"\" width=\"300\" height=\"300\" class=\"alignright size-medium wp-image-1697\" srcset=\"https:\/\/pagina.cacoal.ro.gov.br\/wp-content\/uploads\/2024\/03\/farmaceutica-300x300.jpeg 300w, https:\/\/pagina.cacoal.ro.gov.br\/wp-content\/uploads\/2024\/03\/farmaceutica-1020x1024.jpeg 1020w, https:\/\/pagina.cacoal.ro.gov.br\/wp-content\/uploads\/2024\/03\/farmaceutica-150x150.jpeg 150w, https:\/\/pagina.cacoal.ro.gov.br\/wp-content\/uploads\/2024\/03\/farmaceutica-768x771.jpeg 768w, https:\/\/pagina.cacoal.ro.gov.br\/wp-content\/uploads\/2024\/03\/farmaceutica.jpeg 1171w\" sizes=\"(max-width: 300px) 100vw, 300px\" \/><\/a>\u00c9 com imenso pesar que a Prefeitura de Cacoal, representada pelo prefeito Adailton F\u00faria, juntamente com todos os servidores, lamenta profundamente o falecimento de Odete Jos\u00e9 Bento. <\/p>\n<p>Odete era uma cidad\u00e3 dedicada e exemplar, que contribuiu de forma significativa para as farm\u00e1cias de nossa cidade ao longo de v\u00e1rios anos. Sempre comprometida com o seu trabalho, ela deixar\u00e1 um legado importante para a \u00e1rea farmac\u00eautica em Cacoal. <\/p>\n<p>Neste momento de dor, nos solidarizamos com os familiares, amigos e colegas de Odete, expressando nosso mais profundo pesar por essa perda irrepar\u00e1vel. Que encontrem conforto e serenidade para enfrentar essa fase dif\u00edcil. <\/p>\n<p>Odete ser\u00e1 sempre lembrada pela sua compet\u00eancia profissional, dedica\u00e7\u00e3o e pela sua generosidade em ajudar o pr\u00f3ximo. Sua partida deixa uma lacuna imensa em nossa comunidade, mas sua mem\u00f3ria ser\u00e1 eternamente preservada em nossos cora\u00e7\u00f5es.<\/p>\n<p>Que Deus, em sua infinita bondade, conceda for\u00e7a e consolo a todos aqueles que hoje sofrem com a partida de Odete. Que ela descanse em paz e que sua fam\u00edlia encontre conforto na certeza de que sua trajet\u00f3ria foi marcada por valores t\u00e3o importantes para nossa cidade.<\/p>\n<p><strong>Cacoal, RO, 13 de mar\u00e7o de 2024<\/p>\n<p>Adailton F\u00faria &#8211; Prefeito de Cacoal<\/strong><\/p>\n","protected":false},"excerpt":{"rendered":"<p>\u00c9 com imenso pesar que a Prefeitura de Cacoal, representada pelo prefeito Adailton F\u00faria, juntamente com todos os servidores, lamenta profundamente o falecimento de Odete Jos\u00e9 Bento. Odete era uma &#8230;<\/p>\n","protected":false},"author":2,"featured_media":1697,"comment_status":"closed","ping_status":"closed","sticky":false,"template":"","format":"standard","meta":{"footnotes":""},"categories":[5],"tags":[],"_links":{"self":[{"href":"https:\/\/pagina.cacoal.ro.gov.br\/index.php?rest_route=\/wp\/v2\/posts\/1696"}],"collection":[{"href":"https:\/\/pagina.cacoal.ro.gov.br\/index.php?rest_route=\/wp\/v2\/posts"}],"about":[{"href":"https:\/\/pagina.cacoal.ro.gov.br\/index.php?rest_route=\/wp\/v2\/types\/post"}],"author":[{"embeddable":true,"href":"https:\/\/pagina.cacoal.ro.gov.br\/index.php?rest_route=\/wp\/v2\/users\/2"}],"replies":[{"embeddable":true,"href":"https:\/\/pagina.cacoal.ro.gov.br\/index.php?rest_route=%2Fwp%2Fv2%2Fcomments&post=1696"}],"version-history":[{"count":1,"href":"https:\/\/pagina.cacoal.ro.gov.br\/index.php?rest_route=\/wp\/v2\/posts\/1696\/revisions"}],"predecessor-version":[{"id":1698,"href":"https:\/\/pagina.cacoal.ro.gov.br\/index.php?rest_route=\/wp\/v2\/posts\/1696\/revisions\/1698"}],"wp:featuredmedia":[{"embeddable":true,"href":"https:\/\/pagina.cacoal.ro.gov.br\/index.php?rest_route=\/wp\/v2\/media\/1697"}],"wp:attachment":[{"href":"https:\/\/pagina.cacoal.ro.gov.br\/index.php?rest_route=%2Fwp%2Fv2%2Fmedia&parent=1696"}],"wp:term":[{"taxonomy":"category","embeddable":true,"href":"https:\/\/pagina.cacoal.ro.gov.br\/index.php?rest_route=%2Fwp%2Fv2%2Fcategories&post=1696"},{"taxonomy":"post_tag","embeddable":true,"href":"https:\/\/pagina.cacoal.ro.gov.br\/index.php?rest_route=%2Fwp%2Fv2%2Ftags&post=1696"}],"curies":[{"name":"wp","href":"https:\/\/api.w.org\/{rel}","templated":true}]}}