{"id":1684,"date":"2024-03-09T23:36:48","date_gmt":"2024-03-10T03:36:48","guid":{"rendered":"https:\/\/site.cacoal.ro.gov.br\/?p=1684"},"modified":"2024-03-10T09:38:15","modified_gmt":"2024-03-10T13:38:15","slug":"nota-de-pesar-9","status":"publish","type":"post","link":"https:\/\/pagina.cacoal.ro.gov.br\/?p=1684","title":{"rendered":"NOTA DE PESAR<br><br><br>"},"content":{"rendered":"<p><a href=\"https:\/\/site.cacoal.ro.gov.br\/wp-content\/uploads\/2024\/03\/WhatsApp-Image-2024-03-09-at-22.52.12.jpeg\"><img loading=\"lazy\" decoding=\"async\" src=\"https:\/\/site.cacoal.ro.gov.br\/wp-content\/uploads\/2024\/03\/WhatsApp-Image-2024-03-09-at-22.52.12-300x300.jpeg\" alt=\"\" width=\"300\" height=\"300\" class=\"alignright size-medium wp-image-1685\" srcset=\"https:\/\/pagina.cacoal.ro.gov.br\/wp-content\/uploads\/2024\/03\/WhatsApp-Image-2024-03-09-at-22.52.12-300x300.jpeg 300w, https:\/\/pagina.cacoal.ro.gov.br\/wp-content\/uploads\/2024\/03\/WhatsApp-Image-2024-03-09-at-22.52.12-1024x1024.jpeg 1024w, https:\/\/pagina.cacoal.ro.gov.br\/wp-content\/uploads\/2024\/03\/WhatsApp-Image-2024-03-09-at-22.52.12-150x150.jpeg 150w, https:\/\/pagina.cacoal.ro.gov.br\/wp-content\/uploads\/2024\/03\/WhatsApp-Image-2024-03-09-at-22.52.12-768x768.jpeg 768w, https:\/\/pagina.cacoal.ro.gov.br\/wp-content\/uploads\/2024\/03\/WhatsApp-Image-2024-03-09-at-22.52.12.jpeg 1080w\" sizes=\"(max-width: 300px) 100vw, 300px\" \/><\/a>Com imenso pesar, o Prefeito Adailton F\u00faria, juntamente com todos os servidores da Prefeitura de Cacoal, externa sua mais profunda tristeza pelo falecimento do jovem Nil Everson da Silva Ernandes.<br \/>\nNascido em 18 de mar\u00e7o de 1996, Nil Everson partiu precocemente em 09 de mar\u00e7o de 2024, deixando um vazio inestim\u00e1vel em nossas vidas e em nossa comunidade. Neste momento de profunda dor, nossos pensamentos e ora\u00e7\u00f5es est\u00e3o voltados \u00e0 fam\u00edlia e aos amigos enlutados.<br \/>\nQue a mem\u00f3ria de Nil Everson e o legado de alegria e bondade que deixou possam ser um consolo para todos que tiveram a honra de conhec\u00ea-lo.<\/p>\n<p><strong>Cacoal, RO, 09\/03\/2024<br \/>\nAdailton F\u00faria \u2013 Prefeito<\/strong><\/p>\n","protected":false},"excerpt":{"rendered":"<p>Com imenso pesar, o Prefeito Adailton F\u00faria, juntamente com todos os servidores da Prefeitura de Cacoal, externa sua mais profunda tristeza pelo falecimento do jovem Nil Everson da Silva Ernandes. &#8230;<\/p>\n","protected":false},"author":2,"featured_media":1685,"comment_status":"closed","ping_status":"closed","sticky":false,"template":"","format":"standard","meta":{"footnotes":""},"categories":[5],"tags":[],"_links":{"self":[{"href":"https:\/\/pagina.cacoal.ro.gov.br\/index.php?rest_route=\/wp\/v2\/posts\/1684"}],"collection":[{"href":"https:\/\/pagina.cacoal.ro.gov.br\/index.php?rest_route=\/wp\/v2\/posts"}],"about":[{"href":"https:\/\/pagina.cacoal.ro.gov.br\/index.php?rest_route=\/wp\/v2\/types\/post"}],"author":[{"embeddable":true,"href":"https:\/\/pagina.cacoal.ro.gov.br\/index.php?rest_route=\/wp\/v2\/users\/2"}],"replies":[{"embeddable":true,"href":"https:\/\/pagina.cacoal.ro.gov.br\/index.php?rest_route=%2Fwp%2Fv2%2Fcomments&post=1684"}],"version-history":[{"count":1,"href":"https:\/\/pagina.cacoal.ro.gov.br\/index.php?rest_route=\/wp\/v2\/posts\/1684\/revisions"}],"predecessor-version":[{"id":1686,"href":"https:\/\/pagina.cacoal.ro.gov.br\/index.php?rest_route=\/wp\/v2\/posts\/1684\/revisions\/1686"}],"wp:featuredmedia":[{"embeddable":true,"href":"https:\/\/pagina.cacoal.ro.gov.br\/index.php?rest_route=\/wp\/v2\/media\/1685"}],"wp:attachment":[{"href":"https:\/\/pagina.cacoal.ro.gov.br\/index.php?rest_route=%2Fwp%2Fv2%2Fmedia&parent=1684"}],"wp:term":[{"taxonomy":"category","embeddable":true,"href":"https:\/\/pagina.cacoal.ro.gov.br\/index.php?rest_route=%2Fwp%2Fv2%2Fcategories&post=1684"},{"taxonomy":"post_tag","embeddable":true,"href":"https:\/\/pagina.cacoal.ro.gov.br\/index.php?rest_route=%2Fwp%2Fv2%2Ftags&post=1684"}],"curies":[{"name":"wp","href":"https:\/\/api.w.org\/{rel}","templated":true}]}}