{"id":1670,"date":"2024-03-04T09:56:17","date_gmt":"2024-03-04T13:56:17","guid":{"rendered":"https:\/\/site.cacoal.ro.gov.br\/?p=1670"},"modified":"2024-03-04T09:56:17","modified_gmt":"2024-03-04T13:56:17","slug":"nota-de-pesar-em-solidariedade-a-familia-do-pr-antonio-jose-viana","status":"publish","type":"post","link":"https:\/\/pagina.cacoal.ro.gov.br\/?p=1670","title":{"rendered":"Nota de pesar em solidariedade \u00e0 fam\u00edlia do Pr Antonio Jos\u00e9 Viana"},"content":{"rendered":"<p style=\"text-align: justify;\"><strong><a href=\"https:\/\/site.cacoal.ro.gov.br\/wp-content\/uploads\/2024\/03\/pastorviana1.jpeg\"><img loading=\"lazy\" decoding=\"async\" class=\"alignright size-medium wp-image-1671\" src=\"https:\/\/site.cacoal.ro.gov.br\/wp-content\/uploads\/2024\/03\/pastorviana1-300x300.jpeg\" alt=\"\" width=\"300\" height=\"300\" srcset=\"https:\/\/pagina.cacoal.ro.gov.br\/wp-content\/uploads\/2024\/03\/pastorviana1-300x300.jpeg 300w, https:\/\/pagina.cacoal.ro.gov.br\/wp-content\/uploads\/2024\/03\/pastorviana1-1024x1024.jpeg 1024w, https:\/\/pagina.cacoal.ro.gov.br\/wp-content\/uploads\/2024\/03\/pastorviana1-150x150.jpeg 150w, https:\/\/pagina.cacoal.ro.gov.br\/wp-content\/uploads\/2024\/03\/pastorviana1-768x768.jpeg 768w, https:\/\/pagina.cacoal.ro.gov.br\/wp-content\/uploads\/2024\/03\/pastorviana1.jpeg 1280w\" sizes=\"(max-width: 300px) 100vw, 300px\" \/><\/a><\/strong>Com imenso pesar, o Prefeito Municipal de Cacoal, Sr. Adailton F\u00faria, e todos os servidores municipais v\u00eam por meio desta expressar suas condol\u00eancias pelo falecimento do Pr. Ant\u00f4nio Jos\u00e9 Viana da Silva, ocorrido no dia 03 de mar\u00e7o de 2024.<\/p>\n<p style=\"text-align: justify;\">A Assembleia de Deus em Cacoal perde um l\u00edder espiritual dedicado e um membro querido pela comunidade. Neste momento de dor, nos solidarizamos com familiares, amigos e todos os irm\u00e3os, compartilhando o luto pela partida do Pr. Viana.<\/p>\n<p style=\"text-align: justify;\">Que as boas obras por ele realizadas sejam lembradas como um legado de f\u00e9, caridade e amor ao pr\u00f3ximo.<\/p>\n<p style=\"text-align: justify;\">Nos unimos em ora\u00e7\u00e3o por conforto e paz aos cora\u00e7\u00f5es enlutados.<\/p>\n<p style=\"text-align: justify;\"><strong>Cacoal, 03 de mar\u00e7o de 2024.<br \/>\nAdailton F\u00faria &#8211; Prefeito<\/strong><\/p>\n","protected":false},"excerpt":{"rendered":"<p>Com imenso pesar, o Prefeito Municipal de Cacoal, Sr. Adailton F\u00faria, e todos os servidores municipais v\u00eam por meio desta expressar suas condol\u00eancias pelo falecimento do Pr. Ant\u00f4nio Jos\u00e9 Viana &#8230;<\/p>\n","protected":false},"author":2,"featured_media":1671,"comment_status":"closed","ping_status":"closed","sticky":false,"template":"","format":"standard","meta":{"footnotes":""},"categories":[5],"tags":[],"_links":{"self":[{"href":"https:\/\/pagina.cacoal.ro.gov.br\/index.php?rest_route=\/wp\/v2\/posts\/1670"}],"collection":[{"href":"https:\/\/pagina.cacoal.ro.gov.br\/index.php?rest_route=\/wp\/v2\/posts"}],"about":[{"href":"https:\/\/pagina.cacoal.ro.gov.br\/index.php?rest_route=\/wp\/v2\/types\/post"}],"author":[{"embeddable":true,"href":"https:\/\/pagina.cacoal.ro.gov.br\/index.php?rest_route=\/wp\/v2\/users\/2"}],"replies":[{"embeddable":true,"href":"https:\/\/pagina.cacoal.ro.gov.br\/index.php?rest_route=%2Fwp%2Fv2%2Fcomments&post=1670"}],"version-history":[{"count":1,"href":"https:\/\/pagina.cacoal.ro.gov.br\/index.php?rest_route=\/wp\/v2\/posts\/1670\/revisions"}],"predecessor-version":[{"id":1672,"href":"https:\/\/pagina.cacoal.ro.gov.br\/index.php?rest_route=\/wp\/v2\/posts\/1670\/revisions\/1672"}],"wp:featuredmedia":[{"embeddable":true,"href":"https:\/\/pagina.cacoal.ro.gov.br\/index.php?rest_route=\/wp\/v2\/media\/1671"}],"wp:attachment":[{"href":"https:\/\/pagina.cacoal.ro.gov.br\/index.php?rest_route=%2Fwp%2Fv2%2Fmedia&parent=1670"}],"wp:term":[{"taxonomy":"category","embeddable":true,"href":"https:\/\/pagina.cacoal.ro.gov.br\/index.php?rest_route=%2Fwp%2Fv2%2Fcategories&post=1670"},{"taxonomy":"post_tag","embeddable":true,"href":"https:\/\/pagina.cacoal.ro.gov.br\/index.php?rest_route=%2Fwp%2Fv2%2Ftags&post=1670"}],"curies":[{"name":"wp","href":"https:\/\/api.w.org\/{rel}","templated":true}]}}