{"id":1665,"date":"2024-03-03T13:23:12","date_gmt":"2024-03-03T17:23:12","guid":{"rendered":"https:\/\/site.cacoal.ro.gov.br\/?p=1665"},"modified":"2024-03-03T13:24:09","modified_gmt":"2024-03-03T17:24:09","slug":"nota-de-pesar-em-luto-pelo-pequeno-arthur","status":"publish","type":"post","link":"https:\/\/pagina.cacoal.ro.gov.br\/?p=1665","title":{"rendered":"NOTA DE PESAR EM LUTO PELO PEQUENO ARTHUR<br><br>"},"content":{"rendered":"<p style=\"text-align: justify;\"><a href=\"https:\/\/site.cacoal.ro.gov.br\/wp-content\/uploads\/2024\/03\/bebe-arthur.jpeg\"><img loading=\"lazy\" decoding=\"async\" class=\"alignright size-medium wp-image-1666\" src=\"https:\/\/site.cacoal.ro.gov.br\/wp-content\/uploads\/2024\/03\/bebe-arthur-300x298.jpeg\" alt=\"\" width=\"300\" height=\"298\" srcset=\"https:\/\/pagina.cacoal.ro.gov.br\/wp-content\/uploads\/2024\/03\/bebe-arthur-300x298.jpeg 300w, https:\/\/pagina.cacoal.ro.gov.br\/wp-content\/uploads\/2024\/03\/bebe-arthur-1024x1017.jpeg 1024w, https:\/\/pagina.cacoal.ro.gov.br\/wp-content\/uploads\/2024\/03\/bebe-arthur-150x150.jpeg 150w, https:\/\/pagina.cacoal.ro.gov.br\/wp-content\/uploads\/2024\/03\/bebe-arthur-768x763.jpeg 768w, https:\/\/pagina.cacoal.ro.gov.br\/wp-content\/uploads\/2024\/03\/bebe-arthur.jpeg 1181w\" sizes=\"(max-width: 300px) 100vw, 300px\" \/><\/a>Com cora\u00e7\u00f5es pesarosos, o Prefeito Municipal de Cacoal, Adailton F\u00faria, e todos os servidores municipais, expressam sua mais profunda tristeza pelo falecimento do pequeno Arthur Souza Queiroz. Nascido em 30 de janeiro de 2023, Arthur partiu prematuramente em 03 de mar\u00e7o de 2024, deixando um vazio imenso em nossos cora\u00e7\u00f5es.<br \/>\nNeste momento de luto, estendemos nossa mais sincera solidariedade \u00e0 fam\u00edlia, compartilhando a dor pela perda de uma vida t\u00e3o jovem e cheia de promessas. Que a lembran\u00e7a do sorriso inocente e da alegria pura de Arthur traga algum conforto em meio \u00e0 tristeza.<\/p>\n<p style=\"text-align: justify;\">Que a fam\u00edlia encontre for\u00e7a e serenidade para atravessar este momento dif\u00edcil, e que o pequeno Arthur descanse em paz.<\/p>\n<p style=\"text-align: center;\"><strong>Cacoal, RO, 03 de mar\u00e7o de 2024<\/strong><\/p>\n<p style=\"text-align: center;\"><strong>Adailton F\u00faria &#8211; <\/strong><strong>Prefeito<\/strong><\/p>\n","protected":false},"excerpt":{"rendered":"<p>Com cora\u00e7\u00f5es pesarosos, o Prefeito Municipal de Cacoal, Adailton F\u00faria, e todos os servidores municipais, expressam sua mais profunda tristeza pelo falecimento do pequeno Arthur Souza Queiroz. Nascido em 30 &#8230;<\/p>\n","protected":false},"author":2,"featured_media":1666,"comment_status":"closed","ping_status":"closed","sticky":false,"template":"","format":"standard","meta":{"footnotes":""},"categories":[5],"tags":[],"_links":{"self":[{"href":"https:\/\/pagina.cacoal.ro.gov.br\/index.php?rest_route=\/wp\/v2\/posts\/1665"}],"collection":[{"href":"https:\/\/pagina.cacoal.ro.gov.br\/index.php?rest_route=\/wp\/v2\/posts"}],"about":[{"href":"https:\/\/pagina.cacoal.ro.gov.br\/index.php?rest_route=\/wp\/v2\/types\/post"}],"author":[{"embeddable":true,"href":"https:\/\/pagina.cacoal.ro.gov.br\/index.php?rest_route=\/wp\/v2\/users\/2"}],"replies":[{"embeddable":true,"href":"https:\/\/pagina.cacoal.ro.gov.br\/index.php?rest_route=%2Fwp%2Fv2%2Fcomments&post=1665"}],"version-history":[{"count":2,"href":"https:\/\/pagina.cacoal.ro.gov.br\/index.php?rest_route=\/wp\/v2\/posts\/1665\/revisions"}],"predecessor-version":[{"id":1668,"href":"https:\/\/pagina.cacoal.ro.gov.br\/index.php?rest_route=\/wp\/v2\/posts\/1665\/revisions\/1668"}],"wp:featuredmedia":[{"embeddable":true,"href":"https:\/\/pagina.cacoal.ro.gov.br\/index.php?rest_route=\/wp\/v2\/media\/1666"}],"wp:attachment":[{"href":"https:\/\/pagina.cacoal.ro.gov.br\/index.php?rest_route=%2Fwp%2Fv2%2Fmedia&parent=1665"}],"wp:term":[{"taxonomy":"category","embeddable":true,"href":"https:\/\/pagina.cacoal.ro.gov.br\/index.php?rest_route=%2Fwp%2Fv2%2Fcategories&post=1665"},{"taxonomy":"post_tag","embeddable":true,"href":"https:\/\/pagina.cacoal.ro.gov.br\/index.php?rest_route=%2Fwp%2Fv2%2Ftags&post=1665"}],"curies":[{"name":"wp","href":"https:\/\/api.w.org\/{rel}","templated":true}]}}