{"id":1657,"date":"2024-02-29T15:53:59","date_gmt":"2024-02-29T19:53:59","guid":{"rendered":"https:\/\/site.cacoal.ro.gov.br\/?p=1657"},"modified":"2024-02-29T15:53:59","modified_gmt":"2024-02-29T19:53:59","slug":"comdema-de-cacoal-anuncia-vaga-para-conselheiro-apos-vacancia-de-representacao","status":"publish","type":"post","link":"https:\/\/pagina.cacoal.ro.gov.br\/?p=1657","title":{"rendered":"COMDEMA de Cacoal anuncia vaga para conselheiro ap\u00f3s vac\u00e2ncia de representa\u00e7\u00e3o"},"content":{"rendered":"<p style=\"text-align: justify;\"><a href=\"https:\/\/site.cacoal.ro.gov.br\/wp-content\/uploads\/2024\/02\/9b4bd7b4-7862-41ec-97c5-699b3527fbff.webp\"><img loading=\"lazy\" decoding=\"async\" class=\"alignright wp-image-1658 \" src=\"https:\/\/site.cacoal.ro.gov.br\/wp-content\/uploads\/2024\/02\/9b4bd7b4-7862-41ec-97c5-699b3527fbff-e1709236410495-297x300.webp\" alt=\"\" width=\"195\" height=\"197\" srcset=\"https:\/\/pagina.cacoal.ro.gov.br\/wp-content\/uploads\/2024\/02\/9b4bd7b4-7862-41ec-97c5-699b3527fbff-e1709236410495-297x300.webp 297w, https:\/\/pagina.cacoal.ro.gov.br\/wp-content\/uploads\/2024\/02\/9b4bd7b4-7862-41ec-97c5-699b3527fbff-e1709236410495-768x774.webp 768w, https:\/\/pagina.cacoal.ro.gov.br\/wp-content\/uploads\/2024\/02\/9b4bd7b4-7862-41ec-97c5-699b3527fbff-e1709236410495.webp 829w\" sizes=\"(max-width: 195px) 100vw, 195px\" \/><\/a>O Conselho Municipal de Defesa do Meio Ambiente (COMDEMA) de Cacoal enfrenta a vac\u00e2ncia de uma posi\u00e7\u00e3o importante destinada \u00e0 Sociedade P\u00fablica. A aus\u00eancia, resultante do descumprimento do Art. 8\u00ba do regimento interno, compromete a paridade de representa\u00e7\u00e3o, um princ\u00edpio fundamental estabelecido na Lei n\u00ba 3.041\/PMC\/2012 e refor\u00e7ado em seu Regimento.<\/p>\n<p style=\"text-align: justify;\">Para restaurar a composi\u00e7\u00e3o equilibrada, essencial para as delibera\u00e7\u00f5es sobre pol\u00edticas ambientais, o COMDEMA convida membros da sociedade civil a se candidatarem para preencher a vaga em aberto. Essa medida visa reorganizar o conselho, assegurando uma representa\u00e7\u00e3o justa e balanceada.<\/p>\n<p style=\"text-align: justify;\">Atuando como um pilar na promo\u00e7\u00e3o da preserva\u00e7\u00e3o ambiental e da conscientiza\u00e7\u00e3o em Cacoal, o COMDEMA tem influenciado a\u00e7\u00f5es desde a conserva\u00e7\u00e3o de espa\u00e7os verdes at\u00e9 a gest\u00e3o de res\u00edduos, campanhas de preven\u00e7\u00e3o e mitiga\u00e7\u00e3o de inc\u00eandios urbanos, etc, contribuindo para a sustentabilidade e o bem-estar da comunidade.<\/p>\n<p style=\"text-align: justify;\">Nesse contexto, o conselho lan\u00e7a a Chamada P\u00fablica n.\u00ba 01\/COMDEMA\/2024, de 27 de fevereiro de 2024, convidando a comunidade a se envolver no desenvolvimento sustent\u00e1vel de Cacoal. A iniciativa refor\u00e7a o compromisso do COMDEMA com a inclus\u00e3o e a transpar\u00eancia.<\/p>\n<p style=\"text-align: left;\">As inscri\u00e7\u00f5es estar\u00e3o abertas de 25 a 27 de mar\u00e7o de 2024, com informa\u00e7\u00f5es dispon\u00edveis nos sites https:\/\/www.diariomunicipal.com.br\/arom, https:\/\/www.cacoal.ro.gov.br\/ e no Instagram @comdemacacoal. O endere\u00e7o para envio de candidaturas \u00e9 comdema1cacoal@gmail.com, e os inscritos ser\u00e3o anunciados em 29 de mar\u00e7o de 2024.<\/p>\n<p style=\"text-align: justify;\">A popula\u00e7\u00e3o de Cacoal \u00e9 incentivada a aproveitar essa chance de fazer parte de um \u00f3rg\u00e3o essencial na promo\u00e7\u00e3o do meio ambiente. Juntos, podemos fomentar um futuro mais sustent\u00e1vel e verde para nossa cidade.<\/p>\n<p><a href=\"https:\/\/portalrondonia.com.br\/wp-content\/uploads\/2024\/02\/imagem1709235648.webp\"><img loading=\"lazy\" decoding=\"async\" class=\"aligncenter size-full wp-image-477942\" src=\"https:\/\/portalrondonia.com.br\/wp-content\/uploads\/2024\/02\/imagem1709235648.webp\" alt=\"\" width=\"609\" height=\"592\" \/><\/a><\/p>\n","protected":false},"excerpt":{"rendered":"<p>O Conselho Municipal de Defesa do Meio Ambiente (COMDEMA) de Cacoal enfrenta a vac\u00e2ncia de uma posi\u00e7\u00e3o importante destinada \u00e0 Sociedade P\u00fablica. A aus\u00eancia, resultante do descumprimento do Art. 8\u00ba &#8230;<\/p>\n","protected":false},"author":2,"featured_media":1658,"comment_status":"closed","ping_status":"closed","sticky":false,"template":"","format":"standard","meta":{"footnotes":""},"categories":[7],"tags":[],"_links":{"self":[{"href":"https:\/\/pagina.cacoal.ro.gov.br\/index.php?rest_route=\/wp\/v2\/posts\/1657"}],"collection":[{"href":"https:\/\/pagina.cacoal.ro.gov.br\/index.php?rest_route=\/wp\/v2\/posts"}],"about":[{"href":"https:\/\/pagina.cacoal.ro.gov.br\/index.php?rest_route=\/wp\/v2\/types\/post"}],"author":[{"embeddable":true,"href":"https:\/\/pagina.cacoal.ro.gov.br\/index.php?rest_route=\/wp\/v2\/users\/2"}],"replies":[{"embeddable":true,"href":"https:\/\/pagina.cacoal.ro.gov.br\/index.php?rest_route=%2Fwp%2Fv2%2Fcomments&post=1657"}],"version-history":[{"count":1,"href":"https:\/\/pagina.cacoal.ro.gov.br\/index.php?rest_route=\/wp\/v2\/posts\/1657\/revisions"}],"predecessor-version":[{"id":1659,"href":"https:\/\/pagina.cacoal.ro.gov.br\/index.php?rest_route=\/wp\/v2\/posts\/1657\/revisions\/1659"}],"wp:featuredmedia":[{"embeddable":true,"href":"https:\/\/pagina.cacoal.ro.gov.br\/index.php?rest_route=\/wp\/v2\/media\/1658"}],"wp:attachment":[{"href":"https:\/\/pagina.cacoal.ro.gov.br\/index.php?rest_route=%2Fwp%2Fv2%2Fmedia&parent=1657"}],"wp:term":[{"taxonomy":"category","embeddable":true,"href":"https:\/\/pagina.cacoal.ro.gov.br\/index.php?rest_route=%2Fwp%2Fv2%2Fcategories&post=1657"},{"taxonomy":"post_tag","embeddable":true,"href":"https:\/\/pagina.cacoal.ro.gov.br\/index.php?rest_route=%2Fwp%2Fv2%2Ftags&post=1657"}],"curies":[{"name":"wp","href":"https:\/\/api.w.org\/{rel}","templated":true}]}}