{"id":1558,"date":"2024-02-24T11:00:17","date_gmt":"2024-02-24T15:00:17","guid":{"rendered":"https:\/\/site.cacoal.ro.gov.br\/?p=1558"},"modified":"2024-02-25T11:04:02","modified_gmt":"2024-02-25T15:04:02","slug":"nota-de-pesar-8","status":"publish","type":"post","link":"https:\/\/pagina.cacoal.ro.gov.br\/?p=1558","title":{"rendered":"Nota de Pesar"},"content":{"rendered":"<p>A Prefeitura de Cacoal lamenta profundamente o falecimento do Sr. Sebasti\u00e3o Francisco, ocorrido na manh\u00e3 de s\u00e1bado,  dia 24 de fevereiro de 2024. Nascido em 18 de junho de 1930, Sr. Sebasti\u00e3o foi um grande pioneiro, cuja chegada em 1972 marcou o in\u00edcio de uma vida de dedica\u00e7\u00e3o e contribui\u00e7\u00f5es significativas para o desenvolvimento e enriquecimento de nossa cidade.<\/p>\n<p>Durante mais de cinco d\u00e9cadas, ele se destacou como um cidad\u00e3o exemplar em Cacoal, deixando um legado de trabalho \u00e1rduo, integridade e paix\u00e3o por nossa comunidade. Sua hist\u00f3ria se entrela\u00e7a com a hist\u00f3ria de Cacoal, e sua falta ser\u00e1 sentida por todos que conheceram sua hist\u00f3ria e foram inspirados por suas a\u00e7\u00f5es.<\/p>\n<p>Neste momento de tristeza, o prefeito Adailton F\u00faria, junto aos servidores da Prefeitura de Cacoal e \u00e0 comunidade em geral, expressa suas sinceras condol\u00eancias e solidariedade \u00e0 fam\u00edlia e amigos do Sr. Sebasti\u00e3o. Que as mem\u00f3rias de seu esp\u00edrito pioneiro e de seu amor por Cacoal possam trazer consolo e for\u00e7a aos familiares por sua partida.<\/p>\n<p>Cacoal, RO, 24 de fevereiro de 2024<br \/>\nAdailton F\u00faria Prefeito de Cacoal<\/p>\n","protected":false},"excerpt":{"rendered":"<p>A Prefeitura de Cacoal lamenta profundamente o falecimento do Sr. Sebasti\u00e3o Francisco, ocorrido na manh\u00e3 de s\u00e1bado, dia 24 de fevereiro de 2024. Nascido em 18 de junho de 1930, &#8230;<\/p>\n","protected":false},"author":2,"featured_media":1559,"comment_status":"closed","ping_status":"closed","sticky":false,"template":"","format":"standard","meta":{"footnotes":""},"categories":[5],"tags":[],"_links":{"self":[{"href":"https:\/\/pagina.cacoal.ro.gov.br\/index.php?rest_route=\/wp\/v2\/posts\/1558"}],"collection":[{"href":"https:\/\/pagina.cacoal.ro.gov.br\/index.php?rest_route=\/wp\/v2\/posts"}],"about":[{"href":"https:\/\/pagina.cacoal.ro.gov.br\/index.php?rest_route=\/wp\/v2\/types\/post"}],"author":[{"embeddable":true,"href":"https:\/\/pagina.cacoal.ro.gov.br\/index.php?rest_route=\/wp\/v2\/users\/2"}],"replies":[{"embeddable":true,"href":"https:\/\/pagina.cacoal.ro.gov.br\/index.php?rest_route=%2Fwp%2Fv2%2Fcomments&post=1558"}],"version-history":[{"count":1,"href":"https:\/\/pagina.cacoal.ro.gov.br\/index.php?rest_route=\/wp\/v2\/posts\/1558\/revisions"}],"predecessor-version":[{"id":1560,"href":"https:\/\/pagina.cacoal.ro.gov.br\/index.php?rest_route=\/wp\/v2\/posts\/1558\/revisions\/1560"}],"wp:featuredmedia":[{"embeddable":true,"href":"https:\/\/pagina.cacoal.ro.gov.br\/index.php?rest_route=\/wp\/v2\/media\/1559"}],"wp:attachment":[{"href":"https:\/\/pagina.cacoal.ro.gov.br\/index.php?rest_route=%2Fwp%2Fv2%2Fmedia&parent=1558"}],"wp:term":[{"taxonomy":"category","embeddable":true,"href":"https:\/\/pagina.cacoal.ro.gov.br\/index.php?rest_route=%2Fwp%2Fv2%2Fcategories&post=1558"},{"taxonomy":"post_tag","embeddable":true,"href":"https:\/\/pagina.cacoal.ro.gov.br\/index.php?rest_route=%2Fwp%2Fv2%2Ftags&post=1558"}],"curies":[{"name":"wp","href":"https:\/\/api.w.org\/{rel}","templated":true}]}}