{"id":1466,"date":"2024-02-22T21:30:48","date_gmt":"2024-02-23T01:30:48","guid":{"rendered":"https:\/\/site.cacoal.ro.gov.br\/?p=1466"},"modified":"2024-02-22T22:02:49","modified_gmt":"2024-02-23T02:02:49","slug":"nota-de-pesar-e-solidariedade-a-familia-de-dona-esmeralda-nardi","status":"publish","type":"post","link":"https:\/\/pagina.cacoal.ro.gov.br\/?p=1466","title":{"rendered":"NOTA DE PESAR E SOLIDARIEDADE \u00c0 FAM\u00cdLIA DE DONA ESMERALDA NARDI<br><br><br>"},"content":{"rendered":"<p style=\"text-align: justify;\"><a href=\"https:\/\/site.cacoal.ro.gov.br\/wp-content\/uploads\/2024\/02\/046091bc-05e6-49b3-8f77-31bbd3c03b74.jpg\"><img loading=\"lazy\" decoding=\"async\" class=\"alignright size-medium wp-image-1467\" src=\"https:\/\/site.cacoal.ro.gov.br\/wp-content\/uploads\/2024\/02\/046091bc-05e6-49b3-8f77-31bbd3c03b74-300x300.jpg\" alt=\"\" width=\"300\" height=\"300\" srcset=\"https:\/\/pagina.cacoal.ro.gov.br\/wp-content\/uploads\/2024\/02\/046091bc-05e6-49b3-8f77-31bbd3c03b74-300x300.jpg 300w, https:\/\/pagina.cacoal.ro.gov.br\/wp-content\/uploads\/2024\/02\/046091bc-05e6-49b3-8f77-31bbd3c03b74-1021x1024.jpg 1021w, https:\/\/pagina.cacoal.ro.gov.br\/wp-content\/uploads\/2024\/02\/046091bc-05e6-49b3-8f77-31bbd3c03b74-150x150.jpg 150w, https:\/\/pagina.cacoal.ro.gov.br\/wp-content\/uploads\/2024\/02\/046091bc-05e6-49b3-8f77-31bbd3c03b74-768x770.jpg 768w, https:\/\/pagina.cacoal.ro.gov.br\/wp-content\/uploads\/2024\/02\/046091bc-05e6-49b3-8f77-31bbd3c03b74.jpg 1164w\" sizes=\"(max-width: 300px) 100vw, 300px\" \/><\/a>\u00c9 com imenso pesar que a Prefeitura de Cacoal, em nome do prefeito Adailton F\u00faria e de todos os servidores municipais, comunica o falecimento da senhora Esmeralda Nardi Lucas Brand\u00e3o, ocorrido no dia 21 de fevereiro de 2024, aos 90 anos de idade.<\/p>\n<p style=\"text-align: justify;\">Nascida em 06 de julho de 1933, a senhora Esmeralda foi uma cidad\u00e3 exemplar, cuja trajet\u00f3ria de vida se entrela\u00e7a com a hist\u00f3ria e o desenvolvimento de nossa cidade. Sua falta ser\u00e1 profundamente sentida por todos que tiveram o prazer de conhecer suas virtudes e a alegria de conviver com ela.<\/p>\n<p style=\"text-align: justify;\">Neste momento de luto, expressamos nossa solidariedade aos familiares, amigos e a todos que compartilham da dor desta perda irrepar\u00e1vel. Que as boas recorda\u00e7\u00f5es e o legado de afeto e resili\u00eancia da senhora Esmeralda sirvam de consolo e for\u00e7a.<\/p>\n<p style=\"text-align: justify;\">Que sua alma encontre a paz e que seu esp\u00edrito continue a inspirar bondade e uni\u00e3o entre n\u00f3s.<\/p>\n<p style=\"text-align: justify;\"><strong>Cacoal, RO, 22 de fevereiro de 2024<\/strong><\/p>\n<p style=\"text-align: justify;\"><strong>Prefeito Adailton F\u00faria<\/strong><br \/>\n<strong>Prefeito<\/strong><\/p>\n","protected":false},"excerpt":{"rendered":"<p>\u00c9 com imenso pesar que a Prefeitura de Cacoal, em nome do prefeito Adailton F\u00faria e de todos os servidores municipais, comunica o falecimento da senhora Esmeralda Nardi Lucas Brand\u00e3o, &#8230;<\/p>\n","protected":false},"author":2,"featured_media":1467,"comment_status":"closed","ping_status":"closed","sticky":false,"template":"","format":"standard","meta":{"footnotes":""},"categories":[5],"tags":[],"_links":{"self":[{"href":"https:\/\/pagina.cacoal.ro.gov.br\/index.php?rest_route=\/wp\/v2\/posts\/1466"}],"collection":[{"href":"https:\/\/pagina.cacoal.ro.gov.br\/index.php?rest_route=\/wp\/v2\/posts"}],"about":[{"href":"https:\/\/pagina.cacoal.ro.gov.br\/index.php?rest_route=\/wp\/v2\/types\/post"}],"author":[{"embeddable":true,"href":"https:\/\/pagina.cacoal.ro.gov.br\/index.php?rest_route=\/wp\/v2\/users\/2"}],"replies":[{"embeddable":true,"href":"https:\/\/pagina.cacoal.ro.gov.br\/index.php?rest_route=%2Fwp%2Fv2%2Fcomments&post=1466"}],"version-history":[{"count":3,"href":"https:\/\/pagina.cacoal.ro.gov.br\/index.php?rest_route=\/wp\/v2\/posts\/1466\/revisions"}],"predecessor-version":[{"id":1470,"href":"https:\/\/pagina.cacoal.ro.gov.br\/index.php?rest_route=\/wp\/v2\/posts\/1466\/revisions\/1470"}],"wp:featuredmedia":[{"embeddable":true,"href":"https:\/\/pagina.cacoal.ro.gov.br\/index.php?rest_route=\/wp\/v2\/media\/1467"}],"wp:attachment":[{"href":"https:\/\/pagina.cacoal.ro.gov.br\/index.php?rest_route=%2Fwp%2Fv2%2Fmedia&parent=1466"}],"wp:term":[{"taxonomy":"category","embeddable":true,"href":"https:\/\/pagina.cacoal.ro.gov.br\/index.php?rest_route=%2Fwp%2Fv2%2Fcategories&post=1466"},{"taxonomy":"post_tag","embeddable":true,"href":"https:\/\/pagina.cacoal.ro.gov.br\/index.php?rest_route=%2Fwp%2Fv2%2Ftags&post=1466"}],"curies":[{"name":"wp","href":"https:\/\/api.w.org\/{rel}","templated":true}]}}