{"id":1451,"date":"2024-02-21T15:14:40","date_gmt":"2024-02-21T19:14:40","guid":{"rendered":"https:\/\/site.cacoal.ro.gov.br\/?p=1451"},"modified":"2024-02-21T15:19:37","modified_gmt":"2024-02-21T19:19:37","slug":"nota-de-pesar-e-solidariedade-2","status":"publish","type":"post","link":"https:\/\/pagina.cacoal.ro.gov.br\/?p=1451","title":{"rendered":"Nota de Pesar e Solidariedade<br><br><br>                                                                                                    ."},"content":{"rendered":"<p style=\"text-align: justify;\"><a href=\"https:\/\/site.cacoal.ro.gov.br\/wp-content\/uploads\/2024\/02\/notapsar.webp\"><img loading=\"lazy\" decoding=\"async\" class=\"size-medium wp-image-1452 alignright\" src=\"https:\/\/site.cacoal.ro.gov.br\/wp-content\/uploads\/2024\/02\/notapsar-300x300.webp\" alt=\"\" width=\"300\" height=\"300\" srcset=\"https:\/\/pagina.cacoal.ro.gov.br\/wp-content\/uploads\/2024\/02\/notapsar-300x300.webp 300w, https:\/\/pagina.cacoal.ro.gov.br\/wp-content\/uploads\/2024\/02\/notapsar-150x150.webp 150w, https:\/\/pagina.cacoal.ro.gov.br\/wp-content\/uploads\/2024\/02\/notapsar-768x768.webp 768w, https:\/\/pagina.cacoal.ro.gov.br\/wp-content\/uploads\/2024\/02\/notapsar.webp 1000w\" sizes=\"(max-width: 300px) 100vw, 300px\" \/><\/a>A Prefeitura de Cacoal, atrav\u00e9s do Prefeito Adailton F\u00faria, juntamente com todos os servidores municipais, manifesta seu mais profundo pesar pelo falecimento de Luzia Marinho da Silva, ocorrido no dia 20 de fevereiro. Luzia, estimada tia de nosso dedicado servidor Thiago, da Secretaria Municipal de Cultura, deixa uma lacuna inestim\u00e1vel em nossos cora\u00e7\u00f5es e na comunidade de Cacoal.<\/p>\n<p style=\"text-align: justify;\">Nascida em 02 de agosto de 1975 na cidade de Mundo Novo, MS, Luzia mudou-se para a Linha 03, Zona Rural de Cacoal, em 1980, onde se tornou uma figura muito querida e respeitada. Conhecida por sua irrever\u00eancia, for\u00e7a e coragem, Luzia marcou a todos com seu esp\u00edrito incans\u00e1vel e sua prontid\u00e3o em ajudar a fam\u00edlia e amigos, sempre com um sorriso acolhedor e palavras encorajadoras.<\/p>\n<p style=\"text-align: justify;\">Sua paix\u00e3o pela vida e a intensidade com que viveu seus 48 anos entre n\u00f3s deixaram marcas profundas de alegria e amor, inspirando todos que tiveram o privil\u00e9gio de conhec\u00ea-la. Luzia ser\u00e1 lembrada por sua energia vital, sua generosidade e sua capacidade de fazer cada momento valer a pena.<\/p>\n<p style=\"text-align: justify;\">Neste momento de luto e reflex\u00e3o, estendemos nossas mais sinceras condol\u00eancias a Thiago, sua fam\u00edlia e amigos, unindo-nos em solidariedade e apoio. Que as boas lembran\u00e7as de Luzia tragam conforto a todos neste momento dif\u00edcil e sirva como um lembrete do impacto positivo que ela teve em nossas vidas.<\/p>\n<p style=\"text-align: justify;\"><strong>Cacoal, 21 de fevereiro de 2024<\/strong><\/p>\n<p style=\"text-align: justify;\"><strong>Adailton F\u00faria<\/strong><br \/>\n<strong>Prefeito de Cacoal<\/strong><\/p>\n","protected":false},"excerpt":{"rendered":"<p>A Prefeitura de Cacoal, atrav\u00e9s do Prefeito Adailton F\u00faria, juntamente com todos os servidores municipais, manifesta seu mais profundo pesar pelo falecimento de Luzia Marinho da Silva, ocorrido no dia &#8230;<\/p>\n","protected":false},"author":2,"featured_media":1452,"comment_status":"closed","ping_status":"closed","sticky":false,"template":"","format":"standard","meta":{"footnotes":""},"categories":[5],"tags":[],"_links":{"self":[{"href":"https:\/\/pagina.cacoal.ro.gov.br\/index.php?rest_route=\/wp\/v2\/posts\/1451"}],"collection":[{"href":"https:\/\/pagina.cacoal.ro.gov.br\/index.php?rest_route=\/wp\/v2\/posts"}],"about":[{"href":"https:\/\/pagina.cacoal.ro.gov.br\/index.php?rest_route=\/wp\/v2\/types\/post"}],"author":[{"embeddable":true,"href":"https:\/\/pagina.cacoal.ro.gov.br\/index.php?rest_route=\/wp\/v2\/users\/2"}],"replies":[{"embeddable":true,"href":"https:\/\/pagina.cacoal.ro.gov.br\/index.php?rest_route=%2Fwp%2Fv2%2Fcomments&post=1451"}],"version-history":[{"count":3,"href":"https:\/\/pagina.cacoal.ro.gov.br\/index.php?rest_route=\/wp\/v2\/posts\/1451\/revisions"}],"predecessor-version":[{"id":1455,"href":"https:\/\/pagina.cacoal.ro.gov.br\/index.php?rest_route=\/wp\/v2\/posts\/1451\/revisions\/1455"}],"wp:featuredmedia":[{"embeddable":true,"href":"https:\/\/pagina.cacoal.ro.gov.br\/index.php?rest_route=\/wp\/v2\/media\/1452"}],"wp:attachment":[{"href":"https:\/\/pagina.cacoal.ro.gov.br\/index.php?rest_route=%2Fwp%2Fv2%2Fmedia&parent=1451"}],"wp:term":[{"taxonomy":"category","embeddable":true,"href":"https:\/\/pagina.cacoal.ro.gov.br\/index.php?rest_route=%2Fwp%2Fv2%2Fcategories&post=1451"},{"taxonomy":"post_tag","embeddable":true,"href":"https:\/\/pagina.cacoal.ro.gov.br\/index.php?rest_route=%2Fwp%2Fv2%2Ftags&post=1451"}],"curies":[{"name":"wp","href":"https:\/\/api.w.org\/{rel}","templated":true}]}}