{"id":1447,"date":"2024-02-20T09:28:53","date_gmt":"2024-02-20T13:28:53","guid":{"rendered":"https:\/\/site.cacoal.ro.gov.br\/?p=1447"},"modified":"2024-02-20T09:28:53","modified_gmt":"2024-02-20T13:28:53","slug":"nota-de-pesar-6","status":"publish","type":"post","link":"https:\/\/pagina.cacoal.ro.gov.br\/?p=1447","title":{"rendered":"Nota de Pesar"},"content":{"rendered":"<p style=\"text-align: justify;\"><a href=\"https:\/\/site.cacoal.ro.gov.br\/wp-content\/uploads\/2024\/02\/WhatsApp-Image-2024-02-20-at-09.14.19.jpeg\"><img loading=\"lazy\" decoding=\"async\" class=\"alignright size-medium wp-image-1448\" src=\"https:\/\/site.cacoal.ro.gov.br\/wp-content\/uploads\/2024\/02\/WhatsApp-Image-2024-02-20-at-09.14.19-300x300.jpeg\" alt=\"\" width=\"300\" height=\"300\" srcset=\"https:\/\/pagina.cacoal.ro.gov.br\/wp-content\/uploads\/2024\/02\/WhatsApp-Image-2024-02-20-at-09.14.19-300x300.jpeg 300w, https:\/\/pagina.cacoal.ro.gov.br\/wp-content\/uploads\/2024\/02\/WhatsApp-Image-2024-02-20-at-09.14.19-1024x1024.jpeg 1024w, https:\/\/pagina.cacoal.ro.gov.br\/wp-content\/uploads\/2024\/02\/WhatsApp-Image-2024-02-20-at-09.14.19-150x150.jpeg 150w, https:\/\/pagina.cacoal.ro.gov.br\/wp-content\/uploads\/2024\/02\/WhatsApp-Image-2024-02-20-at-09.14.19-768x768.jpeg 768w, https:\/\/pagina.cacoal.ro.gov.br\/wp-content\/uploads\/2024\/02\/WhatsApp-Image-2024-02-20-at-09.14.19.jpeg 1280w\" sizes=\"(max-width: 300px) 100vw, 300px\" \/><\/a>\u00c9 com profundo pesar que a Prefeitura Municipal de Cacoal, juntamente com o Prefeito Adailton F\u00faria e todos os servidores municipais, lamenta o falecimento da estimada Mari Holanda de Souza Sim\u00e3o, ocorrido nesta ter\u00e7a-feira, 20 de fevereiro de 2024.<\/p>\n<p style=\"text-align: justify;\">Mari Holanda de Souza Sim\u00e3o, nascida em 17 de novembro de 1936, foi uma pessoa de inestim\u00e1vel valor para nossa comunidade, dedicando sua vida ao servi\u00e7o dos outros e contribuindo significativamente para o engrandecimento do nosso munic\u00edpio. Sua partida deixa um vazio em nossos cora\u00e7\u00f5es e na comunidade que teve a honra de conhecer e conviver com ela.<\/p>\n<p style=\"text-align: justify;\">Neste momento de luto, estendemos nossas mais sinceras condol\u00eancias aos familiares, amigos e a todos aqueles que foram tocados pela sua presen\u00e7a inspiradora. Reconhecemos e honramos sua trajet\u00f3ria de vida, marcada pela dedica\u00e7\u00e3o, pelo amor e pelo compromisso com o bem-estar de todos ao seu redor.<\/p>\n<p style=\"text-align: justify;\">Em nome de toda a administra\u00e7\u00e3o municipal, o Prefeito Adailton F\u00faria expressa sua solidariedade neste momento de dor, desejando que a luz e o amor que Mari compartilhou ao longo de sua vida possam servir de consolo a todos que hoje sofrem com sua partida.<\/p>\n<p style=\"text-align: justify;\">Que possamos nos unir em mem\u00f3ria de sua vida e obra, perpetuando os valores que ela tanto prezava.<\/p>\n<p style=\"text-align: justify;\"><strong>Cacoal, RO, 20 de fevereiro de 2024<\/strong><br \/>\n<strong>Adailton F\u00faria<\/strong><br \/>\n<strong>Prefeito de Cacoa<\/strong>l<\/p>\n","protected":false},"excerpt":{"rendered":"<p>\u00c9 com profundo pesar que a Prefeitura Municipal de Cacoal, juntamente com o Prefeito Adailton F\u00faria e todos os servidores municipais, lamenta o falecimento da estimada Mari Holanda de Souza &#8230;<\/p>\n","protected":false},"author":2,"featured_media":1448,"comment_status":"closed","ping_status":"closed","sticky":false,"template":"","format":"standard","meta":{"footnotes":""},"categories":[5],"tags":[],"_links":{"self":[{"href":"https:\/\/pagina.cacoal.ro.gov.br\/index.php?rest_route=\/wp\/v2\/posts\/1447"}],"collection":[{"href":"https:\/\/pagina.cacoal.ro.gov.br\/index.php?rest_route=\/wp\/v2\/posts"}],"about":[{"href":"https:\/\/pagina.cacoal.ro.gov.br\/index.php?rest_route=\/wp\/v2\/types\/post"}],"author":[{"embeddable":true,"href":"https:\/\/pagina.cacoal.ro.gov.br\/index.php?rest_route=\/wp\/v2\/users\/2"}],"replies":[{"embeddable":true,"href":"https:\/\/pagina.cacoal.ro.gov.br\/index.php?rest_route=%2Fwp%2Fv2%2Fcomments&post=1447"}],"version-history":[{"count":1,"href":"https:\/\/pagina.cacoal.ro.gov.br\/index.php?rest_route=\/wp\/v2\/posts\/1447\/revisions"}],"predecessor-version":[{"id":1449,"href":"https:\/\/pagina.cacoal.ro.gov.br\/index.php?rest_route=\/wp\/v2\/posts\/1447\/revisions\/1449"}],"wp:featuredmedia":[{"embeddable":true,"href":"https:\/\/pagina.cacoal.ro.gov.br\/index.php?rest_route=\/wp\/v2\/media\/1448"}],"wp:attachment":[{"href":"https:\/\/pagina.cacoal.ro.gov.br\/index.php?rest_route=%2Fwp%2Fv2%2Fmedia&parent=1447"}],"wp:term":[{"taxonomy":"category","embeddable":true,"href":"https:\/\/pagina.cacoal.ro.gov.br\/index.php?rest_route=%2Fwp%2Fv2%2Fcategories&post=1447"},{"taxonomy":"post_tag","embeddable":true,"href":"https:\/\/pagina.cacoal.ro.gov.br\/index.php?rest_route=%2Fwp%2Fv2%2Ftags&post=1447"}],"curies":[{"name":"wp","href":"https:\/\/api.w.org\/{rel}","templated":true}]}}