{"id":1268,"date":"2024-02-12T15:09:17","date_gmt":"2024-02-12T19:09:17","guid":{"rendered":"https:\/\/site.cacoal.ro.gov.br\/?p=1268"},"modified":"2024-02-15T15:10:50","modified_gmt":"2024-02-15T19:10:50","slug":"nota-de-pesar-e-solidariedade","status":"publish","type":"post","link":"https:\/\/pagina.cacoal.ro.gov.br\/?p=1268","title":{"rendered":"NOTA DE PESAR E SOLIDARIEDADE"},"content":{"rendered":"\r\n<p>Com profundo pesar, a Prefeitura de Cacoal, em nome do Prefeito Adailton F\u00faria e todos os servidores, lamenta o falecimento de Sebasti\u00e3o Machado, aos 93 anos, ocorrido neste dia 8 de fevereiro de 2024. Sebasti\u00e3o, nascido em 23 de dezembro de 1930, foi um dos pioneiros de nossa cidade, tendo chegado a Riozinho em 1972, onde contribuiu significativamente para o crescimento e o fortalecimento da comunidade de Cacoal.<\/p>\r\n\r\n\r\n\r\n<p>Av\u00f4 do servidor Silvio Machado, Sebasti\u00e3o deixa um legado de dedica\u00e7\u00e3o e amor pela fam\u00edlia e pela cidade que tanto ajudou a construir. Sua partida marca um momento de grande tristeza, n\u00e3o apenas para seus familiares, mas para toda a comunidade que teve o privil\u00e9gio de conhecer sua hist\u00f3ria e seu trabalho.<\/p>\r\n\r\n\r\n\r\n<p>O Prefeito Adailton F\u00faria, junto aos servidores da Prefeitura, expressa sua mais sincera solidariedade a Silvio Machado e a todos os familiares neste momento de dor. Compartilhamos o luto pela perda de uma figura t\u00e3o estimada e nos colocamos \u00e0 disposi\u00e7\u00e3o para prestar o apoio necess\u00e1rio.<\/p>\r\n\r\n\r\n\r\n<p>Em mem\u00f3ria de Sebasti\u00e3o Machado, nos comprometemos a honrar seu esp\u00edrito pioneiro e a contribui\u00e7\u00e3o que deixou para nossa cidade. Que as lembran\u00e7as dos momentos vividos ao seu lado ofere\u00e7am conforto aos cora\u00e7\u00f5es enlutados.<\/p>\r\n\r\n\r\n\r\n<p>Descanse em paz, Sebasti\u00e3o. Sua hist\u00f3ria e seu legado permanecer\u00e3o vivos em Cacoal, inspirando futuras gera\u00e7\u00f5es.<\/p>\r\n\r\n\r\n\r\n<p><br \/>Cacoal, RO, 08 de fevereiro de 2024<\/p>\r\n\r\n\r\n\r\n<p>Adailton Furia<\/p>\r\n\r\n\r\n\r\n<p>Prefeito<\/p>\r\n","protected":false},"excerpt":{"rendered":"<p>Com profundo pesar, a Prefeitura de Cacoal, em nome do Prefeito Adailton F\u00faria e todos os servidores, lamenta o falecimento de Sebasti\u00e3o Machado, aos 93 anos, ocorrido neste dia 8 &#8230;<\/p>\n","protected":false},"author":2,"featured_media":0,"comment_status":"closed","ping_status":"closed","sticky":false,"template":"","format":"standard","meta":{"footnotes":""},"categories":[1],"tags":[],"_links":{"self":[{"href":"https:\/\/pagina.cacoal.ro.gov.br\/index.php?rest_route=\/wp\/v2\/posts\/1268"}],"collection":[{"href":"https:\/\/pagina.cacoal.ro.gov.br\/index.php?rest_route=\/wp\/v2\/posts"}],"about":[{"href":"https:\/\/pagina.cacoal.ro.gov.br\/index.php?rest_route=\/wp\/v2\/types\/post"}],"author":[{"embeddable":true,"href":"https:\/\/pagina.cacoal.ro.gov.br\/index.php?rest_route=\/wp\/v2\/users\/2"}],"replies":[{"embeddable":true,"href":"https:\/\/pagina.cacoal.ro.gov.br\/index.php?rest_route=%2Fwp%2Fv2%2Fcomments&post=1268"}],"version-history":[{"count":1,"href":"https:\/\/pagina.cacoal.ro.gov.br\/index.php?rest_route=\/wp\/v2\/posts\/1268\/revisions"}],"predecessor-version":[{"id":1312,"href":"https:\/\/pagina.cacoal.ro.gov.br\/index.php?rest_route=\/wp\/v2\/posts\/1268\/revisions\/1312"}],"wp:attachment":[{"href":"https:\/\/pagina.cacoal.ro.gov.br\/index.php?rest_route=%2Fwp%2Fv2%2Fmedia&parent=1268"}],"wp:term":[{"taxonomy":"category","embeddable":true,"href":"https:\/\/pagina.cacoal.ro.gov.br\/index.php?rest_route=%2Fwp%2Fv2%2Fcategories&post=1268"},{"taxonomy":"post_tag","embeddable":true,"href":"https:\/\/pagina.cacoal.ro.gov.br\/index.php?rest_route=%2Fwp%2Fv2%2Ftags&post=1268"}],"curies":[{"name":"wp","href":"https:\/\/api.w.org\/{rel}","templated":true}]}}