{"id":1242,"date":"2024-02-04T12:48:53","date_gmt":"2024-02-04T16:48:53","guid":{"rendered":"https:\/\/site.cacoal.ro.gov.br\/?p=1242"},"modified":"2024-02-15T15:09:58","modified_gmt":"2024-02-15T19:09:58","slug":"nota-de-pesar-5","status":"publish","type":"post","link":"https:\/\/pagina.cacoal.ro.gov.br\/?p=1242","title":{"rendered":"Nota de Pesar"},"content":{"rendered":"\r\n<p>\u00c9 com profundo pesar que a Prefeitura de Cacoal, representada pelo prefeito Adailton F\u00faria e por todos os servidores municipais, lamenta o falecimento de Sebasti\u00e3o Pedro Amaro, ocorrido em 04 de fevereiro de 2024.<\/p>\r\n\r\n\r\n<div class=\"wp-block-image\">\r\n<figure class=\"alignleft size-large is-resized\"><img loading=\"lazy\" decoding=\"async\" width=\"1024\" height=\"1012\" class=\"wp-image-1248\" style=\"width: 300px; height: auto;\" src=\"https:\/\/site.cacoal.ro.gov.br\/wp-content\/uploads\/2024\/02\/nota-pesar-sebastiao-1024x1012.jpeg\" alt=\"\" srcset=\"https:\/\/pagina.cacoal.ro.gov.br\/wp-content\/uploads\/2024\/02\/nota-pesar-sebastiao-1024x1012.jpeg 1024w, https:\/\/pagina.cacoal.ro.gov.br\/wp-content\/uploads\/2024\/02\/nota-pesar-sebastiao-300x296.jpeg 300w, https:\/\/pagina.cacoal.ro.gov.br\/wp-content\/uploads\/2024\/02\/nota-pesar-sebastiao-768x759.jpeg 768w, https:\/\/pagina.cacoal.ro.gov.br\/wp-content\/uploads\/2024\/02\/nota-pesar-sebastiao.jpeg 1176w\" sizes=\"(max-width: 1024px) 100vw, 1024px\" \/><\/figure><\/div>\r\n\r\n\r\n<p>Sebasti\u00e3o Pedro Amaro, nascido em 08 de setembro de 1941, foi uma figura respeit\u00e1vel e querida em nossa comunidade. Sua partida deixa um vazio imenso nos cora\u00e7\u00f5es daqueles que o conheceram e conviveram com sua presen\u00e7a am\u00e1vel e seu esp\u00edrito generoso.<\/p>\r\n\r\n\r\n\r\n<p>Estendemos nossas condol\u00eancias aos familiares e amigos, compartilhando a dor desta grande perda. Que as boas lembran\u00e7as vividas ao lado de Sebasti\u00e3o tragam conforto a todos neste momento de luto.<\/p>\r\n\r\n\r\n\r\n<p>O vel\u00f3rio ocorrer\u00e1 no Memorial In\u00e1cio Rom\u00e3o, com in\u00edcio \u00e0s 12h de hoje, 04\/02, e o sepultamento ser\u00e1 realizado no Cemit\u00e9rio Santo Ant\u00f4nio, hoje, \u00e0s 17h.<\/p>\r\n\r\n\r\n\r\n<p>&#8220;A dor do luto n\u00e3o tem uma data para acabar, mas \u00e9 poss\u00edvel confortar o cora\u00e7\u00e3o com as boas lembran\u00e7as que ficaram.&#8221;<\/p>\r\n\r\n\r\n\r\n<p><strong>Com respeito e solidariedade,<\/strong><\/p>\r\n\r\n\r\n\r\n<p><strong>Adailton F\u00faria<br \/>Prefeito de Cacoal<\/strong><\/p>\r\n","protected":false},"excerpt":{"rendered":"<p>\u00c9 com profundo pesar que a Prefeitura de Cacoal, representada pelo prefeito Adailton F\u00faria e por todos os servidores municipais, lamenta o falecimento de Sebasti\u00e3o Pedro Amaro, ocorrido em 04 &#8230;<\/p>\n","protected":false},"author":2,"featured_media":1248,"comment_status":"closed","ping_status":"closed","sticky":false,"template":"","format":"standard","meta":{"footnotes":""},"categories":[5],"tags":[],"_links":{"self":[{"href":"https:\/\/pagina.cacoal.ro.gov.br\/index.php?rest_route=\/wp\/v2\/posts\/1242"}],"collection":[{"href":"https:\/\/pagina.cacoal.ro.gov.br\/index.php?rest_route=\/wp\/v2\/posts"}],"about":[{"href":"https:\/\/pagina.cacoal.ro.gov.br\/index.php?rest_route=\/wp\/v2\/types\/post"}],"author":[{"embeddable":true,"href":"https:\/\/pagina.cacoal.ro.gov.br\/index.php?rest_route=\/wp\/v2\/users\/2"}],"replies":[{"embeddable":true,"href":"https:\/\/pagina.cacoal.ro.gov.br\/index.php?rest_route=%2Fwp%2Fv2%2Fcomments&post=1242"}],"version-history":[{"count":6,"href":"https:\/\/pagina.cacoal.ro.gov.br\/index.php?rest_route=\/wp\/v2\/posts\/1242\/revisions"}],"predecessor-version":[{"id":1313,"href":"https:\/\/pagina.cacoal.ro.gov.br\/index.php?rest_route=\/wp\/v2\/posts\/1242\/revisions\/1313"}],"wp:featuredmedia":[{"embeddable":true,"href":"https:\/\/pagina.cacoal.ro.gov.br\/index.php?rest_route=\/wp\/v2\/media\/1248"}],"wp:attachment":[{"href":"https:\/\/pagina.cacoal.ro.gov.br\/index.php?rest_route=%2Fwp%2Fv2%2Fmedia&parent=1242"}],"wp:term":[{"taxonomy":"category","embeddable":true,"href":"https:\/\/pagina.cacoal.ro.gov.br\/index.php?rest_route=%2Fwp%2Fv2%2Fcategories&post=1242"},{"taxonomy":"post_tag","embeddable":true,"href":"https:\/\/pagina.cacoal.ro.gov.br\/index.php?rest_route=%2Fwp%2Fv2%2Ftags&post=1242"}],"curies":[{"name":"wp","href":"https:\/\/api.w.org\/{rel}","templated":true}]}}