{"id":1185,"date":"2024-01-29T09:09:04","date_gmt":"2024-01-29T13:09:04","guid":{"rendered":"https:\/\/site.cacoal.ro.gov.br\/?p=1185"},"modified":"2024-01-29T09:09:04","modified_gmt":"2024-01-29T13:09:04","slug":"nota-de-pesar-4","status":"publish","type":"post","link":"https:\/\/pagina.cacoal.ro.gov.br\/?p=1185","title":{"rendered":"Nota de Pesar"},"content":{"rendered":"<div class=\"wp-block-image\">\n<figure class=\"alignright\"><a href=\"https:\/\/vozdamazonia.com.br\/wp-content\/uploads\/2024\/01\/imagem1706533270.webp\"><img decoding=\"async\" src=\"https:\/\/vozdamazonia.com.br\/wp-content\/uploads\/2024\/01\/imagem1706533270-300x300.webp\" alt=\"\" class=\"wp-image-476928\"\/><\/a><\/figure><\/div>\n\n\n<p>A Prefeitura Municipal de Cacoal, em nome do Prefeito Adailton F\u00faria, vem a p\u00fablico expressar profundo pesar pelo falecimento do estimado Anselmo Recla, pioneiro da linha 12, ocorrido neste domingo, 28 de janeiro de 2024.<\/p>\n\n\n\n<p>Nascido em 22 de julho de 1947, Anselmo Recla foi uma figura de inestim\u00e1vel valor para nossa comunidade, contribuindo para o desenvolvimento e crescimento de Cacoal desde os primeiros anos de sua forma\u00e7\u00e3o. Sua dedica\u00e7\u00e3o, trabalho \u00e1rduo e esp\u00edrito pioneiro deixaram marcas indel\u00e9veis no cora\u00e7\u00e3o e na hist\u00f3ria de nossa cidade.<\/p>\n\n\n\n<p>Neste momento de luto, a Prefeitura Municipal de Cacoal e seu prefeito, Adailton F\u00faria, estendem suas mais sinceras condol\u00eancias \u00e0 fam\u00edlia e amigos de Anselmo Recla, compartilhando o pesar dessa imensur\u00e1vel perda. Que suas boas obras e mem\u00f3ria sirvam de consolo e inspira\u00e7\u00e3o para todos n\u00f3s.<\/p>\n\n\n\n<p>Descanse em paz, Anselmo Recla. Sua presen\u00e7a ser\u00e1 eternamente lembrada e valorizada em Cacoal.<\/p>\n\n\n\n<p><strong>Cacoal, RO, 29 de janeiro de 2024 Adailton F\u00faria \u2013 Prefeito<\/strong><\/p>\n","protected":false},"excerpt":{"rendered":"<p>A Prefeitura Municipal de Cacoal, em nome do Prefeito Adailton F\u00faria, vem a p\u00fablico expressar profundo pesar pelo falecimento do estimado Anselmo Recla, pioneiro da linha 12, ocorrido neste domingo, &#8230;<\/p>\n","protected":false},"author":2,"featured_media":1186,"comment_status":"closed","ping_status":"","sticky":false,"template":"","format":"standard","meta":{"footnotes":""},"categories":[5],"tags":[],"_links":{"self":[{"href":"https:\/\/pagina.cacoal.ro.gov.br\/index.php?rest_route=\/wp\/v2\/posts\/1185"}],"collection":[{"href":"https:\/\/pagina.cacoal.ro.gov.br\/index.php?rest_route=\/wp\/v2\/posts"}],"about":[{"href":"https:\/\/pagina.cacoal.ro.gov.br\/index.php?rest_route=\/wp\/v2\/types\/post"}],"author":[{"embeddable":true,"href":"https:\/\/pagina.cacoal.ro.gov.br\/index.php?rest_route=\/wp\/v2\/users\/2"}],"replies":[{"embeddable":true,"href":"https:\/\/pagina.cacoal.ro.gov.br\/index.php?rest_route=%2Fwp%2Fv2%2Fcomments&post=1185"}],"version-history":[{"count":1,"href":"https:\/\/pagina.cacoal.ro.gov.br\/index.php?rest_route=\/wp\/v2\/posts\/1185\/revisions"}],"predecessor-version":[{"id":1187,"href":"https:\/\/pagina.cacoal.ro.gov.br\/index.php?rest_route=\/wp\/v2\/posts\/1185\/revisions\/1187"}],"wp:featuredmedia":[{"embeddable":true,"href":"https:\/\/pagina.cacoal.ro.gov.br\/index.php?rest_route=\/wp\/v2\/media\/1186"}],"wp:attachment":[{"href":"https:\/\/pagina.cacoal.ro.gov.br\/index.php?rest_route=%2Fwp%2Fv2%2Fmedia&parent=1185"}],"wp:term":[{"taxonomy":"category","embeddable":true,"href":"https:\/\/pagina.cacoal.ro.gov.br\/index.php?rest_route=%2Fwp%2Fv2%2Fcategories&post=1185"},{"taxonomy":"post_tag","embeddable":true,"href":"https:\/\/pagina.cacoal.ro.gov.br\/index.php?rest_route=%2Fwp%2Fv2%2Ftags&post=1185"}],"curies":[{"name":"wp","href":"https:\/\/api.w.org\/{rel}","templated":true}]}}