{"id":1162,"date":"2024-01-18T12:55:00","date_gmt":"2024-01-18T16:55:00","guid":{"rendered":"https:\/\/site.cacoal.ro.gov.br\/?p=1162"},"modified":"2024-01-19T12:57:57","modified_gmt":"2024-01-19T16:57:57","slug":"nota-de-pesar-3","status":"publish","type":"post","link":"https:\/\/pagina.cacoal.ro.gov.br\/?p=1162","title":{"rendered":"NOTA DE PESAR"},"content":{"rendered":"<div class=\"wp-block-image\">\n<figure class=\"alignright size-large is-resized\"><img loading=\"lazy\" decoding=\"async\" width=\"1024\" height=\"1024\" src=\"https:\/\/site.cacoal.ro.gov.br\/wp-content\/uploads\/2024\/01\/WhatsApp-Image-2024-01-18-at-09.15.38-1024x1024.jpeg\" alt=\"\" class=\"wp-image-1163\" style=\"width:285px;height:auto\" srcset=\"https:\/\/pagina.cacoal.ro.gov.br\/wp-content\/uploads\/2024\/01\/WhatsApp-Image-2024-01-18-at-09.15.38-1024x1024.jpeg 1024w, https:\/\/pagina.cacoal.ro.gov.br\/wp-content\/uploads\/2024\/01\/WhatsApp-Image-2024-01-18-at-09.15.38-300x300.jpeg 300w, https:\/\/pagina.cacoal.ro.gov.br\/wp-content\/uploads\/2024\/01\/WhatsApp-Image-2024-01-18-at-09.15.38-150x150.jpeg 150w, https:\/\/pagina.cacoal.ro.gov.br\/wp-content\/uploads\/2024\/01\/WhatsApp-Image-2024-01-18-at-09.15.38-768x768.jpeg 768w, https:\/\/pagina.cacoal.ro.gov.br\/wp-content\/uploads\/2024\/01\/WhatsApp-Image-2024-01-18-at-09.15.38.jpeg 1350w\" sizes=\"(max-width: 1024px) 100vw, 1024px\" \/><\/figure><\/div>\n\n\n<p>\u00c9 com profundo pesar que a Prefeitura Municipal de Cacoal, juntamente com o prefeito Adailton F\u00faria e todos os servidores, manifesta suas condol\u00eancias pelo falecimento de Rita Lopes de Oliveira Barros, m\u00e3e da estimada Professora M\u00f4nica.<\/p>\n\n\n\n<p>Nascida em 1947, Rita Lopes de Oliveira Barros foi uma figura exemplar em nossa comunidade, conhecida pela sua bondade, dedica\u00e7\u00e3o e amor pela fam\u00edlia. A sua partida, ocorrida no dia 17 de janeiro de 2024, em um tr\u00e1gico acidente de carro enquanto voltava para S\u00e3o Paulo, deixa uma lacuna imensur\u00e1vel em nossos cora\u00e7\u00f5es.<\/p>\n\n\n\n<p>Neste momento de dor e tristeza, expressamos nossa mais sincera solidariedade \u00e0 Professora M\u00f4nica e a toda a fam\u00edlia e amigos de Dona Rita. Que as boas lembran\u00e7as e o legado de amor e alegria que ela deixou possam trazer conforto a todos n\u00f3s.<\/p>\n\n\n\n<p>Que sua mem\u00f3ria seja eternamente preservada e que ela descanse em paz.<\/p>\n\n\n\n<div class=\"wp-block-group is-layout-constrained wp-block-group-is-layout-constrained\"><div class=\"wp-block-group__inner-container\">\n<p><strong>Cacoal, 18 de Janeiro de 2024.<\/strong><\/p>\n\n\n\n<p><strong>Adailton F\u00faria<br>Prefeito Municipal de Cacoal<\/strong><\/p>\n<\/div><\/div>\n","protected":false},"excerpt":{"rendered":"<p>\u00c9 com profundo pesar que a Prefeitura Municipal de Cacoal, juntamente com o prefeito Adailton F\u00faria e todos os servidores, manifesta suas condol\u00eancias pelo falecimento de Rita Lopes de Oliveira &#8230;<\/p>\n","protected":false},"author":2,"featured_media":1163,"comment_status":"closed","ping_status":"","sticky":false,"template":"","format":"standard","meta":{"footnotes":""},"categories":[5],"tags":[],"_links":{"self":[{"href":"https:\/\/pagina.cacoal.ro.gov.br\/index.php?rest_route=\/wp\/v2\/posts\/1162"}],"collection":[{"href":"https:\/\/pagina.cacoal.ro.gov.br\/index.php?rest_route=\/wp\/v2\/posts"}],"about":[{"href":"https:\/\/pagina.cacoal.ro.gov.br\/index.php?rest_route=\/wp\/v2\/types\/post"}],"author":[{"embeddable":true,"href":"https:\/\/pagina.cacoal.ro.gov.br\/index.php?rest_route=\/wp\/v2\/users\/2"}],"replies":[{"embeddable":true,"href":"https:\/\/pagina.cacoal.ro.gov.br\/index.php?rest_route=%2Fwp%2Fv2%2Fcomments&post=1162"}],"version-history":[{"count":1,"href":"https:\/\/pagina.cacoal.ro.gov.br\/index.php?rest_route=\/wp\/v2\/posts\/1162\/revisions"}],"predecessor-version":[{"id":1164,"href":"https:\/\/pagina.cacoal.ro.gov.br\/index.php?rest_route=\/wp\/v2\/posts\/1162\/revisions\/1164"}],"wp:featuredmedia":[{"embeddable":true,"href":"https:\/\/pagina.cacoal.ro.gov.br\/index.php?rest_route=\/wp\/v2\/media\/1163"}],"wp:attachment":[{"href":"https:\/\/pagina.cacoal.ro.gov.br\/index.php?rest_route=%2Fwp%2Fv2%2Fmedia&parent=1162"}],"wp:term":[{"taxonomy":"category","embeddable":true,"href":"https:\/\/pagina.cacoal.ro.gov.br\/index.php?rest_route=%2Fwp%2Fv2%2Fcategories&post=1162"},{"taxonomy":"post_tag","embeddable":true,"href":"https:\/\/pagina.cacoal.ro.gov.br\/index.php?rest_route=%2Fwp%2Fv2%2Ftags&post=1162"}],"curies":[{"name":"wp","href":"https:\/\/api.w.org\/{rel}","templated":true}]}}