{"id":1157,"date":"2024-01-19T12:21:26","date_gmt":"2024-01-19T16:21:26","guid":{"rendered":"https:\/\/site.cacoal.ro.gov.br\/?p=1157"},"modified":"2024-01-19T12:22:30","modified_gmt":"2024-01-19T16:22:30","slug":"nota-de-pesar-em-solidariedade-a-familia-soares","status":"publish","type":"post","link":"https:\/\/pagina.cacoal.ro.gov.br\/?p=1157","title":{"rendered":"Nota de Pesar em Solidariedade \u00e0 fam\u00edlia Soares"},"content":{"rendered":"<div class=\"wp-block-image\">\n<figure class=\"alignright size-large is-resized\"><img loading=\"lazy\" decoding=\"async\" width=\"1024\" height=\"1024\" src=\"https:\/\/site.cacoal.ro.gov.br\/wp-content\/uploads\/2024\/01\/WhatsApp-Image-2024-01-19-at-11.54.02-1024x1024.jpeg\" alt=\"\" class=\"wp-image-1158\" style=\"width:334px;height:auto\" srcset=\"https:\/\/pagina.cacoal.ro.gov.br\/wp-content\/uploads\/2024\/01\/WhatsApp-Image-2024-01-19-at-11.54.02-1024x1024.jpeg 1024w, https:\/\/pagina.cacoal.ro.gov.br\/wp-content\/uploads\/2024\/01\/WhatsApp-Image-2024-01-19-at-11.54.02-300x300.jpeg 300w, https:\/\/pagina.cacoal.ro.gov.br\/wp-content\/uploads\/2024\/01\/WhatsApp-Image-2024-01-19-at-11.54.02-150x150.jpeg 150w, https:\/\/pagina.cacoal.ro.gov.br\/wp-content\/uploads\/2024\/01\/WhatsApp-Image-2024-01-19-at-11.54.02-768x768.jpeg 768w, https:\/\/pagina.cacoal.ro.gov.br\/wp-content\/uploads\/2024\/01\/WhatsApp-Image-2024-01-19-at-11.54.02.jpeg 1350w\" sizes=\"(max-width: 1024px) 100vw, 1024px\" \/><\/figure><\/div>\n\n\n<p>A Prefeitura de Cacoal, representada pelo Prefeito Adailton F\u00faria, expressa seu profundo pesar pelo falecimento de Dona Maria Antonia Soares, ocorrido em 18 de janeiro de 2024.<\/p>\n\n\n\n<p>Nascida em 20 de agosto de 1936, Dona Maria foi uma figura exemplar na comunidade, conhecida por sua dedica\u00e7\u00e3o \u00e0 fam\u00edlia e ao pr\u00f3ximo. M\u00e3e do estimado Professor C\u00edcero Antonio Soares, ela deixa um legado de amor, ensinamentos e fortes valores.<\/p>\n\n\n\n<p>Neste momento de dor e saudade, estendemos nossas condol\u00eancias ao Professor C\u00edcero, aos demais familiares, amigos e a todos que foram tocados pela presen\u00e7a marcante de Dona Maria em suas vidas.<\/p>\n\n\n\n<p>Que as lembran\u00e7as dos bons momentos vividos ao lado dela sejam um consolo para o cora\u00e7\u00e3o de todos. A Prefeitura de Cacoal se solidariza com a fam\u00edlia Soares neste momento de luto.<\/p>\n\n\n\n<p><strong>Cacoal, 19 de janeiro de 2024.<\/strong><\/p>\n\n\n\n<p><strong>Adailton F\u00faria<\/strong><\/p>\n\n\n\n<p><strong>Prefeito de Cacoal<\/strong><\/p>\n","protected":false},"excerpt":{"rendered":"<p>A Prefeitura de Cacoal, representada pelo Prefeito Adailton F\u00faria, expressa seu profundo pesar pelo falecimento de Dona Maria Antonia Soares, ocorrido em 18 de janeiro de 2024. Nascida em 20 &#8230;<\/p>\n","protected":false},"author":2,"featured_media":1158,"comment_status":"closed","ping_status":"","sticky":false,"template":"","format":"standard","meta":{"footnotes":""},"categories":[5],"tags":[],"_links":{"self":[{"href":"https:\/\/pagina.cacoal.ro.gov.br\/index.php?rest_route=\/wp\/v2\/posts\/1157"}],"collection":[{"href":"https:\/\/pagina.cacoal.ro.gov.br\/index.php?rest_route=\/wp\/v2\/posts"}],"about":[{"href":"https:\/\/pagina.cacoal.ro.gov.br\/index.php?rest_route=\/wp\/v2\/types\/post"}],"author":[{"embeddable":true,"href":"https:\/\/pagina.cacoal.ro.gov.br\/index.php?rest_route=\/wp\/v2\/users\/2"}],"replies":[{"embeddable":true,"href":"https:\/\/pagina.cacoal.ro.gov.br\/index.php?rest_route=%2Fwp%2Fv2%2Fcomments&post=1157"}],"version-history":[{"count":3,"href":"https:\/\/pagina.cacoal.ro.gov.br\/index.php?rest_route=\/wp\/v2\/posts\/1157\/revisions"}],"predecessor-version":[{"id":1161,"href":"https:\/\/pagina.cacoal.ro.gov.br\/index.php?rest_route=\/wp\/v2\/posts\/1157\/revisions\/1161"}],"wp:featuredmedia":[{"embeddable":true,"href":"https:\/\/pagina.cacoal.ro.gov.br\/index.php?rest_route=\/wp\/v2\/media\/1158"}],"wp:attachment":[{"href":"https:\/\/pagina.cacoal.ro.gov.br\/index.php?rest_route=%2Fwp%2Fv2%2Fmedia&parent=1157"}],"wp:term":[{"taxonomy":"category","embeddable":true,"href":"https:\/\/pagina.cacoal.ro.gov.br\/index.php?rest_route=%2Fwp%2Fv2%2Fcategories&post=1157"},{"taxonomy":"post_tag","embeddable":true,"href":"https:\/\/pagina.cacoal.ro.gov.br\/index.php?rest_route=%2Fwp%2Fv2%2Ftags&post=1157"}],"curies":[{"name":"wp","href":"https:\/\/api.w.org\/{rel}","templated":true}]}}