{"id":1047,"date":"2024-01-12T09:01:56","date_gmt":"2024-01-12T13:01:56","guid":{"rendered":"https:\/\/site.cacoal.ro.gov.br\/?p=1047"},"modified":"2024-01-12T09:01:56","modified_gmt":"2024-01-12T13:01:56","slug":"novos-conselheiros-tutelares-tomam-em-cerimonia-na-camara-municipal","status":"publish","type":"post","link":"https:\/\/pagina.cacoal.ro.gov.br\/?p=1047","title":{"rendered":"Novos Conselheiros Tutelares tomam em cerim\u00f4nia na C\u00e2mara Municipal"},"content":{"rendered":"\n<p>Na noite memor\u00e1vel de 10 de janeiro de 2024, a C\u00e2mara Municipal de Cacoal se encheu de esperan\u00e7a e de lembran\u00e7as ao empossar os novos Conselheiros Tutelares do munic\u00edpio. Esse evento, marcado por sentimentos mistos, celebrou o in\u00edcio de uma nova fase na prote\u00e7\u00e3o dos direitos das crian\u00e7as e adolescentes e, ao mesmo tempo, homenageou a mem\u00f3ria de Ozeias Pac\u00edfico, um conselheiro eleito que tragicamente nos deixou no dia 12 de novembro de 2023, aos 29 anos, dois meses antes desse momento em que seria empossado.<\/p>\n\n\n\n<figure class=\"wp-block-image size-large\"><img loading=\"lazy\" decoding=\"async\" width=\"1024\" height=\"683\" src=\"https:\/\/site.cacoal.ro.gov.br\/wp-content\/uploads\/2024\/01\/conselheiras-1024x683.webp\" alt=\"\" class=\"wp-image-1048\" srcset=\"https:\/\/pagina.cacoal.ro.gov.br\/wp-content\/uploads\/2024\/01\/conselheiras-1024x683.webp 1024w, https:\/\/pagina.cacoal.ro.gov.br\/wp-content\/uploads\/2024\/01\/conselheiras-300x200.webp 300w, https:\/\/pagina.cacoal.ro.gov.br\/wp-content\/uploads\/2024\/01\/conselheiras-768x512.webp 768w, https:\/\/pagina.cacoal.ro.gov.br\/wp-content\/uploads\/2024\/01\/conselheiras.webp 1200w\" sizes=\"(max-width: 1024px) 100vw, 1024px\" \/><\/figure>\n\n\n\n<p>Com a presen\u00e7a de diversas autoridades representando os poderes Executivo, Legislativo e Judici\u00e1rio, a cerim\u00f4nia destacou a grande import\u00e2ncia do Conselho Tutelar na comunidade de Cacoal. Essa institui\u00e7\u00e3o, reconhecida por sua dedica\u00e7\u00e3o incans\u00e1vel, desempenha um papel extraordin\u00e1rio na salvaguarda dos direitos dos mais jovens, sendo essencial na constru\u00e7\u00e3o de uma sociedade mais justa e segura.<\/p>\n\n\n\n<p>A Secret\u00e1ria da SEMAST, em seu discurso, enfatizou o valor do trabalho dos conselheiros. \u201cEles s\u00e3o guardi\u00f5es dos direitos daqueles que s\u00e3o mais vulner\u00e1veis, concentrando-se n\u00e3o apenas na resolu\u00e7\u00e3o de problemas imediatos, mas investindo no futuro da nossa comunidade\u201d, disse Marilande Alves.<\/p>\n\n\n\n<p>A posse dos conselheiros Sueli Hor\u00e1cio, Amanda Rocha, Carmem Fernandes, Sueli Sim\u00f5es e da suplente Graciela Calixto da Costa, que vem a substituir Ozeias Pacifico (in memorian), representa um novo cap\u00edtulo na hist\u00f3ria de Cacoal. O momento \u00e9 um marco que evidencia o compromisso dos entes da administra\u00e7\u00e3o p\u00fablica com o bem-estar e os direitos de suas crian\u00e7as e adolescentes, buscando assegurar uma inf\u00e2ncia saud\u00e1vel e livre de viol\u00eancia.<\/p>\n","protected":false},"excerpt":{"rendered":"<p>Na noite memor\u00e1vel de 10 de janeiro de 2024, a C\u00e2mara Municipal de Cacoal se encheu de esperan\u00e7a e de lembran\u00e7as ao empossar os novos Conselheiros Tutelares do munic\u00edpio. Esse &#8230;<\/p>\n","protected":false},"author":2,"featured_media":1048,"comment_status":"closed","ping_status":"","sticky":false,"template":"","format":"standard","meta":{"footnotes":""},"categories":[6],"tags":[],"_links":{"self":[{"href":"https:\/\/pagina.cacoal.ro.gov.br\/index.php?rest_route=\/wp\/v2\/posts\/1047"}],"collection":[{"href":"https:\/\/pagina.cacoal.ro.gov.br\/index.php?rest_route=\/wp\/v2\/posts"}],"about":[{"href":"https:\/\/pagina.cacoal.ro.gov.br\/index.php?rest_route=\/wp\/v2\/types\/post"}],"author":[{"embeddable":true,"href":"https:\/\/pagina.cacoal.ro.gov.br\/index.php?rest_route=\/wp\/v2\/users\/2"}],"replies":[{"embeddable":true,"href":"https:\/\/pagina.cacoal.ro.gov.br\/index.php?rest_route=%2Fwp%2Fv2%2Fcomments&post=1047"}],"version-history":[{"count":1,"href":"https:\/\/pagina.cacoal.ro.gov.br\/index.php?rest_route=\/wp\/v2\/posts\/1047\/revisions"}],"predecessor-version":[{"id":1049,"href":"https:\/\/pagina.cacoal.ro.gov.br\/index.php?rest_route=\/wp\/v2\/posts\/1047\/revisions\/1049"}],"wp:featuredmedia":[{"embeddable":true,"href":"https:\/\/pagina.cacoal.ro.gov.br\/index.php?rest_route=\/wp\/v2\/media\/1048"}],"wp:attachment":[{"href":"https:\/\/pagina.cacoal.ro.gov.br\/index.php?rest_route=%2Fwp%2Fv2%2Fmedia&parent=1047"}],"wp:term":[{"taxonomy":"category","embeddable":true,"href":"https:\/\/pagina.cacoal.ro.gov.br\/index.php?rest_route=%2Fwp%2Fv2%2Fcategories&post=1047"},{"taxonomy":"post_tag","embeddable":true,"href":"https:\/\/pagina.cacoal.ro.gov.br\/index.php?rest_route=%2Fwp%2Fv2%2Ftags&post=1047"}],"curies":[{"name":"wp","href":"https:\/\/api.w.org\/{rel}","templated":true}]}}