{"id":1042,"date":"2024-01-12T00:48:30","date_gmt":"2024-01-12T04:48:30","guid":{"rendered":"https:\/\/site.cacoal.ro.gov.br\/?p=1042"},"modified":"2024-02-15T15:09:47","modified_gmt":"2024-02-15T19:09:47","slug":"nota-de-pesar-2","status":"publish","type":"post","link":"https:\/\/pagina.cacoal.ro.gov.br\/?p=1042","title":{"rendered":"Nota de pesar"},"content":{"rendered":"\r\n<p>&nbsp;<\/p>\r\n\r\n\r\n\r\n<p>\u00c9 com imenso pesar e tristeza que a Prefeitura de Cacoal, representada pelo prefeito Adailton F\u00faria, comunica o falecimento de Samuel Nascimento, nascido em 15 de dezembro de 1982 e falecido neste dia 11 de janeiro de 2024.<\/p>\r\n\r\n\r\n<div class=\"wp-block-image\">\r\n<figure class=\"alignright size-large is-resized\"><img loading=\"lazy\" decoding=\"async\" width=\"1024\" height=\"1024\" class=\"wp-image-1044\" style=\"width: 335px; height: auto;\" src=\"https:\/\/site.cacoal.ro.gov.br\/wp-content\/uploads\/2024\/01\/onofre-2-1024x1024.jpeg\" alt=\"\" srcset=\"https:\/\/pagina.cacoal.ro.gov.br\/wp-content\/uploads\/2024\/01\/onofre-2-1024x1024.jpeg 1024w, https:\/\/pagina.cacoal.ro.gov.br\/wp-content\/uploads\/2024\/01\/onofre-2-300x300.jpeg 300w, https:\/\/pagina.cacoal.ro.gov.br\/wp-content\/uploads\/2024\/01\/onofre-2-150x150.jpeg 150w, https:\/\/pagina.cacoal.ro.gov.br\/wp-content\/uploads\/2024\/01\/onofre-2-768x768.jpeg 768w, https:\/\/pagina.cacoal.ro.gov.br\/wp-content\/uploads\/2024\/01\/onofre-2.jpeg 1170w\" sizes=\"(max-width: 1024px) 100vw, 1024px\" \/><\/figure><\/div>\r\n\r\n\r\n<p>Samuel, um cidad\u00e3o exemplar e membro querido de nossa comunidade, deixa um legado de bondade, trabalho duro e dedica\u00e7\u00e3o \u00e0 fam\u00edlia e amigos. Sua partida prematura \u00e9 uma perda significativa para todos que o conheceram e foram inspirados por sua jornada de vida.<\/p>\r\n\r\n\r\n\r\n<p>Neste momento de luto, expressamos nossa mais profunda solidariedade e apoio aos familiares, amigos e a todos que foram tocados pela vida de Samuel.<\/p>\r\n\r\n\r\n\r\n<p>Em nome de todos os cidad\u00e3os e servidores do munic\u00edpio, oferecemos nossas condol\u00eancias e um abra\u00e7o fraterno a todos os enlutados por esta grande perda.<\/p>\r\n\r\n\r\n\r\n<p><strong>Adailton F\u00faria<br \/>Prefeito<\/strong><\/p>\r\n","protected":false},"excerpt":{"rendered":"<p>&nbsp; \u00c9 com imenso pesar e tristeza que a Prefeitura de Cacoal, representada pelo prefeito Adailton F\u00faria, comunica o falecimento de Samuel Nascimento, nascido em 15 de dezembro de 1982 &#8230;<\/p>\n","protected":false},"author":2,"featured_media":1044,"comment_status":"closed","ping_status":"closed","sticky":false,"template":"","format":"standard","meta":{"footnotes":""},"categories":[5],"tags":[],"_links":{"self":[{"href":"https:\/\/pagina.cacoal.ro.gov.br\/index.php?rest_route=\/wp\/v2\/posts\/1042"}],"collection":[{"href":"https:\/\/pagina.cacoal.ro.gov.br\/index.php?rest_route=\/wp\/v2\/posts"}],"about":[{"href":"https:\/\/pagina.cacoal.ro.gov.br\/index.php?rest_route=\/wp\/v2\/types\/post"}],"author":[{"embeddable":true,"href":"https:\/\/pagina.cacoal.ro.gov.br\/index.php?rest_route=\/wp\/v2\/users\/2"}],"replies":[{"embeddable":true,"href":"https:\/\/pagina.cacoal.ro.gov.br\/index.php?rest_route=%2Fwp%2Fv2%2Fcomments&post=1042"}],"version-history":[{"count":2,"href":"https:\/\/pagina.cacoal.ro.gov.br\/index.php?rest_route=\/wp\/v2\/posts\/1042\/revisions"}],"predecessor-version":[{"id":1314,"href":"https:\/\/pagina.cacoal.ro.gov.br\/index.php?rest_route=\/wp\/v2\/posts\/1042\/revisions\/1314"}],"wp:featuredmedia":[{"embeddable":true,"href":"https:\/\/pagina.cacoal.ro.gov.br\/index.php?rest_route=\/wp\/v2\/media\/1044"}],"wp:attachment":[{"href":"https:\/\/pagina.cacoal.ro.gov.br\/index.php?rest_route=%2Fwp%2Fv2%2Fmedia&parent=1042"}],"wp:term":[{"taxonomy":"category","embeddable":true,"href":"https:\/\/pagina.cacoal.ro.gov.br\/index.php?rest_route=%2Fwp%2Fv2%2Fcategories&post=1042"},{"taxonomy":"post_tag","embeddable":true,"href":"https:\/\/pagina.cacoal.ro.gov.br\/index.php?rest_route=%2Fwp%2Fv2%2Ftags&post=1042"}],"curies":[{"name":"wp","href":"https:\/\/api.w.org\/{rel}","templated":true}]}}