{"id":1037,"date":"2024-01-11T16:33:38","date_gmt":"2024-01-11T20:33:38","guid":{"rendered":"https:\/\/site.cacoal.ro.gov.br\/?p=1037"},"modified":"2024-01-11T16:33:38","modified_gmt":"2024-01-11T20:33:38","slug":"nota-de-pesar","status":"publish","type":"post","link":"https:\/\/pagina.cacoal.ro.gov.br\/?p=1037","title":{"rendered":"Nota de Pesar"},"content":{"rendered":"\n<p><\/p>\n\n\n<div class=\"wp-block-image\">\n<figure class=\"alignright size-large is-resized\"><img loading=\"lazy\" decoding=\"async\" width=\"1024\" height=\"1015\" src=\"https:\/\/site.cacoal.ro.gov.br\/wp-content\/uploads\/2024\/01\/onofre-1024x1015.jpeg\" alt=\"\" class=\"wp-image-1038\" style=\"width:406px;height:auto\" srcset=\"https:\/\/pagina.cacoal.ro.gov.br\/wp-content\/uploads\/2024\/01\/onofre-1024x1015.jpeg 1024w, https:\/\/pagina.cacoal.ro.gov.br\/wp-content\/uploads\/2024\/01\/onofre-300x297.jpeg 300w, https:\/\/pagina.cacoal.ro.gov.br\/wp-content\/uploads\/2024\/01\/onofre-150x150.jpeg 150w, https:\/\/pagina.cacoal.ro.gov.br\/wp-content\/uploads\/2024\/01\/onofre-768x761.jpeg 768w, https:\/\/pagina.cacoal.ro.gov.br\/wp-content\/uploads\/2024\/01\/onofre.jpeg 1167w\" sizes=\"(max-width: 1024px) 100vw, 1024px\" \/><\/figure><\/div>\n\n\n<p>Com profundo pesar, a Prefeitura de Cacoal, atrav\u00e9s do prefeito Adailton F\u00faria, lamenta o falecimento do Sr. Onofre Alves de Assis, aos 93 anos. Um pioneiro de nosso munic\u00edpio, o Sr. Onofre dedicou-se ao servi\u00e7o p\u00fablico sob as gest\u00f5es do ex-prefeito Josino Brito e da ex-prefeita Sueli Arag\u00e3o. Ele \u00e9 cunhado do servidor da Secretaria Municipal de Cultura, Vaneis Rodrigues.<\/p>\n\n\n\n<p><br>Neste momento de tristeza e reflex\u00e3o, o prefeito Adailton F\u00faria e em nome de todos os cidad\u00e3os e servidores do munic\u00edpio expressa suas condol\u00eancias e solidariedade aos familiares, amigos e todos aqueles que foram tocados pela vida e pelo legado do Sr. Onofre.<\/p>\n\n\n\n<p>Que seu esp\u00edrito pioneiro e sua dedica\u00e7\u00e3o seja uma inspira\u00e7\u00e3o para esta e futuras gera\u00e7\u00f5es.<\/p>\n\n\n\n<p><strong>Cacoal, RO, 11 de janeiro de 2024<br>Adailton F\u00faria<br>Prefeito<\/strong><\/p>\n","protected":false},"excerpt":{"rendered":"<p>Com profundo pesar, a Prefeitura de Cacoal, atrav\u00e9s do prefeito Adailton F\u00faria, lamenta o falecimento do Sr. Onofre Alves de Assis, aos 93 anos. Um pioneiro de nosso munic\u00edpio, o &#8230;<\/p>\n","protected":false},"author":2,"featured_media":1038,"comment_status":"closed","ping_status":"","sticky":false,"template":"","format":"standard","meta":{"footnotes":""},"categories":[5],"tags":[],"_links":{"self":[{"href":"https:\/\/pagina.cacoal.ro.gov.br\/index.php?rest_route=\/wp\/v2\/posts\/1037"}],"collection":[{"href":"https:\/\/pagina.cacoal.ro.gov.br\/index.php?rest_route=\/wp\/v2\/posts"}],"about":[{"href":"https:\/\/pagina.cacoal.ro.gov.br\/index.php?rest_route=\/wp\/v2\/types\/post"}],"author":[{"embeddable":true,"href":"https:\/\/pagina.cacoal.ro.gov.br\/index.php?rest_route=\/wp\/v2\/users\/2"}],"replies":[{"embeddable":true,"href":"https:\/\/pagina.cacoal.ro.gov.br\/index.php?rest_route=%2Fwp%2Fv2%2Fcomments&post=1037"}],"version-history":[{"count":2,"href":"https:\/\/pagina.cacoal.ro.gov.br\/index.php?rest_route=\/wp\/v2\/posts\/1037\/revisions"}],"predecessor-version":[{"id":1040,"href":"https:\/\/pagina.cacoal.ro.gov.br\/index.php?rest_route=\/wp\/v2\/posts\/1037\/revisions\/1040"}],"wp:featuredmedia":[{"embeddable":true,"href":"https:\/\/pagina.cacoal.ro.gov.br\/index.php?rest_route=\/wp\/v2\/media\/1038"}],"wp:attachment":[{"href":"https:\/\/pagina.cacoal.ro.gov.br\/index.php?rest_route=%2Fwp%2Fv2%2Fmedia&parent=1037"}],"wp:term":[{"taxonomy":"category","embeddable":true,"href":"https:\/\/pagina.cacoal.ro.gov.br\/index.php?rest_route=%2Fwp%2Fv2%2Fcategories&post=1037"},{"taxonomy":"post_tag","embeddable":true,"href":"https:\/\/pagina.cacoal.ro.gov.br\/index.php?rest_route=%2Fwp%2Fv2%2Ftags&post=1037"}],"curies":[{"name":"wp","href":"https:\/\/api.w.org\/{rel}","templated":true}]}}